{"id":100857,"date":"2023-04-20T13:33:13","date_gmt":"2023-04-20T17:33:13","guid":{"rendered":"https:\/\/www.skillscompetencescanada.com\/?p=100857"},"modified":"2023-04-20T13:33:13","modified_gmt":"2023-04-20T17:33:13","slug":"gary-franceschini-benevole-au-sein-du-comite-technique-national-partage-son-histoire-de-competences","status":"publish","type":"post","link":"https:\/\/www.skillscompetencescanada.com\/fr\/gary-franceschini-benevole-au-sein-du-comite-technique-national-partage-son-histoire-de-competences\/","title":{"rendered":"Gary Franceschini, b\u00e9n\u00e9vole au sein du Comit\u00e9 technique national, partage son histoire de comp\u00e9tences"},"content":{"rendered":"<p><span data-contrast=\"none\">Je m\u2019appelle Gary Franceschini et je suis un enseignant et ma\u00eetre coiffeur dans la province de la Colombie-Britannique. Je travaille au Coll\u00e8ge communautaire de Vancouver, o\u00f9 j\u2019enseigne la coiffure depuis plusieurs ann\u00e9es.<\/span><span data-ccp-props=\"{&quot;201341983&quot;:0,&quot;335559739&quot;:160,&quot;335559740&quot;:259}\">\u00a0<\/span><\/p>\n<p><span data-contrast=\"none\">J\u2019ai commenc\u00e9 mon cheminement de carri\u00e8re en coiffure quand j\u2019avais 18\u202fans, puisque des membres de ma famille \u0153uvraient dans ce domaine. Apr\u00e8s 18\u202fans de travail au sein de l\u2019industrie \u00e0 temps plein comme coiffeur et propri\u00e9taire de salon de coiffure, j\u2019ai d\u00e9cid\u00e9 de me lancer sans une carri\u00e8re d\u2019enseignant. Je voulais partager mes connaissances et mon exp\u00e9rience avec d\u2019autres personnes int\u00e9ress\u00e9es \u00e0 faire carri\u00e8re en coiffure et c\u2019est ce que je fais depuis.<\/span><span data-ccp-props=\"{&quot;201341983&quot;:0,&quot;335559739&quot;:160,&quot;335559740&quot;:259}\">\u00a0<\/span><\/p>\n<p><span data-contrast=\"none\">Je fais du b\u00e9n\u00e9volat pour Skills\/Comp\u00e9tences Canada (SCC) depuis neuf ans. Au cours de cette p\u00e9riode, j\u2019ai occup\u00e9 divers postes, y compris celui de juge et de membre du comit\u00e9 technique. Je me suis impliqu\u00e9 au niveau provincial quand le repr\u00e9sentant de SCC de notre service a d\u00e9cid\u00e9 de passer le flambeau \u00e0 quelqu\u2019un d\u2019autre. J\u2019ai \u00e9t\u00e9 ravi de saisir l\u2019occasion. Je trouve que faire du b\u00e9n\u00e9volat pour SCC peut \u00eatre tr\u00e8s gratifiant, puisque cela me permet de redonner \u00e0 l\u2019industrie et mes \u00e9l\u00e8ves et moi obtenons la possibilit\u00e9 d\u2019aider \u00e0 inspirer la g\u00e9n\u00e9ration suivante de coiffeurs et coiffeuses.<\/span><span data-ccp-props=\"{&quot;201341983&quot;:0,&quot;335559739&quot;:160,&quot;335559740&quot;:259}\">\u00a0<\/span><\/p>\n<p><span data-contrast=\"none\">Ce qui me motive \u00e0 faire du b\u00e9n\u00e9volat, c\u2019est \u00eatre t\u00e9moin du succ\u00e8s continu des \u00e9l\u00e8ves de mon coll\u00e8ge, en Colombie-Britannique et \u00e0 l\u2019\u00e9chelle du Canada. C\u2019est incroyable de voir le talent et la passion que ces \u00e9l\u00e8ves ont pour la coiffure et c\u2019est un honneur pour moi de faire partie de leur aventure.<\/span><span data-ccp-props=\"{&quot;201341983&quot;:0,&quot;335559739&quot;:160,&quot;335559740&quot;:259}\">\u00a0<\/span><\/p>\n<p><b><span data-contrast=\"none\">Pouvez-vous nous parler de l\u2019importance de l\u2019\u00e9ducation continue dans l\u2019industrie de la coiffure et de la fa\u00e7on dont vous pouvez poursuivre votre formation?<\/span><\/b><span data-ccp-props=\"{&quot;201341983&quot;:0,&quot;335559739&quot;:160,&quot;335559740&quot;:259}\">\u00a0<\/span><\/p>\n<p><span data-contrast=\"none\">En tant que coiffeur professionnel, l\u2019\u00e9ducation continue est extr\u00eamement importante pour rester au fait des tendances et des possibilit\u00e9s toujours changeantes que l\u2019industrie a \u00e0 offrir. Les coiffeurs et coiffeuses peuvent trouver de la formation avanc\u00e9e \u00e0 de prestigieux instituts comme Vidal Sassoon, Tony &amp; Guy et Bumble &amp; Bumble, pour n\u2019en mentionner que quelques-uns. De plus, plusieurs entreprises de produits et grossistes de produits de beaut\u00e9 offrent de l\u2019excellente formation \u00e0 prix abordable aux coiffeurs et coiffeuses \u00e0 tous les niveaux dans leur carri\u00e8re respective. Les salons les plus r\u00e9put\u00e9s ont souvent un programme de formation interne ou un engagement ferme \u00e0 aider leurs coiffeurs et coiffeuses \u00e0 trouver des possibilit\u00e9s \u00e9ducatives.<\/span><span data-ccp-props=\"{&quot;201341983&quot;:0,&quot;335559739&quot;:160,&quot;335559740&quot;:259}\">\u00a0<\/span><\/p>\n<p><b><span data-contrast=\"none\">Pouvez-vous d\u00e9crire des exp\u00e9riences particuli\u00e8rement m\u00e9morables ou satisfaisantes que vous avez v\u00e9cues alors que vous travailliez comme coiffeur ou comme enseignant?\u00a0\u00a0<\/span><\/b><span data-ccp-props=\"{&quot;201341983&quot;:0,&quot;335559739&quot;:160,&quot;335559740&quot;:259}\">\u00a0<\/span><\/p>\n<p><span data-contrast=\"none\">Il m\u2019en vient tellement \u00e0 l\u2019esprit! J\u2019ai pass\u00e9 les quatre derni\u00e8res ann\u00e9es \u00e0 assurer la prestation du programme de la Fondation de coiffure dans un contexte scolaire de niveau secondaire. Enseigner \u00e0 de jeunes \u00e9l\u00e8ves qui n\u2019ont pas toujours aim\u00e9 l\u2019\u00e9cole ou qui ne se sont pas toujours engag\u00e9s vis-\u00e0-vis leurs \u00e9tudes est tellement gratifiant. Voir leur d\u00e9veloppement et les voir apprendre \u00e0 aimer l\u2019\u00e9cole est incroyablement satisfaisant. C\u2019est tellement stimulant de voir un \u00e9l\u00e8ve qui trouve sa passion. J\u2019ai aussi quatre de mes dipl\u00f4m\u00e9s et dipl\u00f4m\u00e9es qui travaillent dans un salon, je suis rempli de fiert\u00e9 quand je visite cet \u00e9tablissement et que j\u2019ai l\u2019occasion d\u2019observer mes quatre anciens \u00e9l\u00e8ves qui excellent et s\u2019\u00e9panouissent dans leur carri\u00e8re! Les 13 derni\u00e8res ann\u00e9es d\u2019enseignements ont \u00e9t\u00e9 des moments parmi les plus enrichissants de ma carri\u00e8re de 32\u202fans au sein de l\u2019industrie.\u00a0<\/span><span data-ccp-props=\"{&quot;201341983&quot;:0,&quot;335559739&quot;:160,&quot;335559740&quot;:259}\">\u00a0<\/span><\/p>\n<p><b><span data-contrast=\"none\">Quelles sont certaines des qualit\u00e9s les plus importantes qu\u2019il faut poss\u00e9der comme coiffeur ou coiffeuse et comment ces qualit\u00e9s vous ont-elles aid\u00e9 \u00e0 conna\u00eetre du succ\u00e8s dans votre carri\u00e8re?\u00a0\u00a0<\/span><\/b><span data-ccp-props=\"{&quot;201341983&quot;:0,&quot;335559739&quot;:160,&quot;335559740&quot;:259}\">\u00a0<\/span><\/p>\n<p><span data-contrast=\"none\">En coiffure, il faut \u00eatre bon communicateur ou bonne communicatrice, savoir pratiquer l\u2019\u00e9coute active et poss\u00e9der la capacit\u00e9 de visualiser les r\u00e9sultats d\u00e9sir\u00e9s. Savoir faire preuve de cr\u00e9ativit\u00e9 est tout aussi important, mais l\u2019art de la conversation est un v\u00e9ritable atout pour les consultations et pour maintenir une communication ouverte avec nos invit\u00e9s. Les coiffeurs et coiffeuses doivent avoir tous les atouts dans leur jeu! Et c\u2019est ce que nous faisons!<\/span><span data-ccp-props=\"{&quot;201341983&quot;:0,&quot;335559739&quot;:160,&quot;335559740&quot;:259}\">\u00a0<\/span><\/p>\n","protected":false},"excerpt":{"rendered":"<p>Je m\u2019appelle Gary Franceschini et je suis un enseignant et ma\u00eetre coiffeur dans la province de la Colombie-Britannique. Je travaille au Coll\u00e8ge communautaire de Vancouver, o\u00f9 j\u2019enseigne la coiffure depuis<\/p>\n","protected":false},"author":3,"featured_media":100855,"comment_status":"closed","ping_status":"closed","sticky":false,"template":"","format":"standard","meta":{"_acf_changed":false,"site-sidebar-layout":"default","site-content-layout":"default","ast-site-content-layout":"default","site-content-style":"default","site-sidebar-style":"default","ast-global-header-display":"","ast-banner-title-visibility":"","ast-main-header-display":"","ast-hfb-above-header-display":"","ast-hfb-below-header-display":"","ast-hfb-mobile-header-display":"","site-post-title":"","ast-breadcrumbs-content":"","ast-featured-img":"","footer-sml-layout":"","ast-disable-related-posts":"","theme-transparent-header-meta":"default","adv-header-id-meta":"","stick-header-meta":"default","header-above-stick-meta":"","header-main-stick-meta":"","header-below-stick-meta":"","astra-migrate-meta-layouts":"default","ast-page-background-enabled":"default","ast-page-background-meta":{"desktop":{"background-color":"","background-image":"","background-repeat":"repeat","background-position":"center center","background-size":"auto","background-attachment":"scroll","background-type":"","background-media":"","overlay-type":"","overlay-color":"","overlay-opacity":"","overlay-gradient":""},"tablet":{"background-color":"","background-image":"","background-repeat":"repeat","background-position":"center center","background-size":"auto","background-attachment":"scroll","background-type":"","background-media":"","overlay-type":"","overlay-color":"","overlay-opacity":"","overlay-gradient":""},"mobile":{"background-color":"","background-image":"","background-repeat":"repeat","background-position":"center center","background-size":"auto","background-attachment":"scroll","background-type":"","background-media":"","overlay-type":"","overlay-color":"","overlay-opacity":"","overlay-gradient":""}},"ast-content-background-meta":{"desktop":{"background-color":"var(--ast-global-color-5)","background-image":"","background-repeat":"repeat","background-position":"center center","background-size":"auto","background-attachment":"scroll","background-type":"","background-media":"","overlay-type":"","overlay-color":"","overlay-opacity":"","overlay-gradient":""},"tablet":{"background-color":"var(--ast-global-color-5)","background-image":"","background-repeat":"repeat","background-position":"center center","background-size":"auto","background-attachment":"scroll","background-type":"","background-media":"","overlay-type":"","overlay-color":"","overlay-opacity":"","overlay-gradient":""},"mobile":{"background-color":"var(--ast-global-color-5)","background-image":"","background-repeat":"repeat","background-position":"center center","background-size":"auto","background-attachment":"scroll","background-type":"","background-media":"","overlay-type":"","overlay-color":"","overlay-opacity":"","overlay-gradient":""}},"footnotes":""},"categories":[64],"tags":[],"class_list":["post-100857","post","type-post","status-publish","format-standard","has-post-thumbnail","hentry","category-nouvelles-competences"],"acf":[],"yoast_head":"<!-- This site is optimized with the Yoast SEO plugin v27.4 - https:\/\/yoast.com\/product\/yoast-seo-wordpress\/ -->\n<title>Gary Franceschini, b\u00e9n\u00e9vole au sein du Comit\u00e9 technique national, partage son histoire de comp\u00e9tences - Skills Competences Canada<\/title>\n<meta name=\"robots\" content=\"index, follow, max-snippet:-1, max-image-preview:large, max-video-preview:-1\" \/>\n<link rel=\"canonical\" href=\"https:\/\/www.skillscompetencescanada.com\/fr\/gary-franceschini-benevole-au-sein-du-comite-technique-national-partage-son-histoire-de-competences\/\" \/>\n<meta name=\"twitter:label1\" content=\"\u00c9crit par\" \/>\n\t<meta name=\"twitter:data1\" content=\"Brad\" \/>\n\t<meta name=\"twitter:label2\" content=\"Dur\u00e9e de lecture estim\u00e9e\" \/>\n\t<meta name=\"twitter:data2\" content=\"4 minutes\" \/>\n<script type=\"application\/ld+json\" class=\"yoast-schema-graph\">{\"@context\":\"https:\\\/\\\/schema.org\",\"@graph\":[{\"@type\":\"Article\",\"@id\":\"https:\\\/\\\/www.skillscompetencescanada.com\\\/fr\\\/gary-franceschini-benevole-au-sein-du-comite-technique-national-partage-son-histoire-de-competences\\\/#article\",\"isPartOf\":{\"@id\":\"https:\\\/\\\/www.skillscompetencescanada.com\\\/fr\\\/gary-franceschini-benevole-au-sein-du-comite-technique-national-partage-son-histoire-de-competences\\\/\"},\"author\":{\"name\":\"Brad\",\"@id\":\"https:\\\/\\\/www.skillscompetencescanada.com\\\/fr\\\/#\\\/schema\\\/person\\\/402ff1bab3fa80eafc7429a9d3391033\"},\"headline\":\"Gary Franceschini, b\u00e9n\u00e9vole au sein du Comit\u00e9 technique national, partage son histoire de comp\u00e9tences\",\"datePublished\":\"2023-04-20T17:33:13+00:00\",\"mainEntityOfPage\":{\"@id\":\"https:\\\/\\\/www.skillscompetencescanada.com\\\/fr\\\/gary-franceschini-benevole-au-sein-du-comite-technique-national-partage-son-histoire-de-competences\\\/\"},\"wordCount\":772,\"publisher\":{\"@id\":\"https:\\\/\\\/www.skillscompetencescanada.com\\\/fr\\\/#organization\"},\"image\":{\"@id\":\"https:\\\/\\\/www.skillscompetencescanada.com\\\/fr\\\/gary-franceschini-benevole-au-sein-du-comite-technique-national-partage-son-histoire-de-competences\\\/#primaryimage\"},\"thumbnailUrl\":\"https:\\\/\\\/www.skillscompetencescanada.com\\\/wp-content\\\/uploads\\\/2023\\\/04\\\/Gary-Francescini.jpg\",\"articleSection\":[\"Nouvelles comp\u00e9tences\"],\"inLanguage\":\"fr-FR\"},{\"@type\":\"WebPage\",\"@id\":\"https:\\\/\\\/www.skillscompetencescanada.com\\\/fr\\\/gary-franceschini-benevole-au-sein-du-comite-technique-national-partage-son-histoire-de-competences\\\/\",\"url\":\"https:\\\/\\\/www.skillscompetencescanada.com\\\/fr\\\/gary-franceschini-benevole-au-sein-du-comite-technique-national-partage-son-histoire-de-competences\\\/\",\"name\":\"Gary Franceschini, b\u00e9n\u00e9vole au sein du Comit\u00e9 technique national, partage son histoire de comp\u00e9tences - Skills Competences Canada\",\"isPartOf\":{\"@id\":\"https:\\\/\\\/www.skillscompetencescanada.com\\\/fr\\\/#website\"},\"primaryImageOfPage\":{\"@id\":\"https:\\\/\\\/www.skillscompetencescanada.com\\\/fr\\\/gary-franceschini-benevole-au-sein-du-comite-technique-national-partage-son-histoire-de-competences\\\/#primaryimage\"},\"image\":{\"@id\":\"https:\\\/\\\/www.skillscompetencescanada.com\\\/fr\\\/gary-franceschini-benevole-au-sein-du-comite-technique-national-partage-son-histoire-de-competences\\\/#primaryimage\"},\"thumbnailUrl\":\"https:\\\/\\\/www.skillscompetencescanada.com\\\/wp-content\\\/uploads\\\/2023\\\/04\\\/Gary-Francescini.jpg\",\"datePublished\":\"2023-04-20T17:33:13+00:00\",\"breadcrumb\":{\"@id\":\"https:\\\/\\\/www.skillscompetencescanada.com\\\/fr\\\/gary-franceschini-benevole-au-sein-du-comite-technique-national-partage-son-histoire-de-competences\\\/#breadcrumb\"},\"inLanguage\":\"fr-FR\",\"potentialAction\":[{\"@type\":\"ReadAction\",\"target\":[\"https:\\\/\\\/www.skillscompetencescanada.com\\\/fr\\\/gary-franceschini-benevole-au-sein-du-comite-technique-national-partage-son-histoire-de-competences\\\/\"]}]},{\"@type\":\"ImageObject\",\"inLanguage\":\"fr-FR\",\"@id\":\"https:\\\/\\\/www.skillscompetencescanada.com\\\/fr\\\/gary-franceschini-benevole-au-sein-du-comite-technique-national-partage-son-histoire-de-competences\\\/#primaryimage\",\"url\":\"https:\\\/\\\/www.skillscompetencescanada.com\\\/wp-content\\\/uploads\\\/2023\\\/04\\\/Gary-Francescini.jpg\",\"contentUrl\":\"https:\\\/\\\/www.skillscompetencescanada.com\\\/wp-content\\\/uploads\\\/2023\\\/04\\\/Gary-Francescini.jpg\",\"width\":504,\"height\":614},{\"@type\":\"BreadcrumbList\",\"@id\":\"https:\\\/\\\/www.skillscompetencescanada.com\\\/fr\\\/gary-franceschini-benevole-au-sein-du-comite-technique-national-partage-son-histoire-de-competences\\\/#breadcrumb\",\"itemListElement\":[{\"@type\":\"ListItem\",\"position\":1,\"name\":\"Home\",\"item\":\"https:\\\/\\\/www.skillscompetencescanada.com\\\/fr\\\/\"},{\"@type\":\"ListItem\",\"position\":2,\"name\":\"Gary Franceschini, b\u00e9n\u00e9vole au sein du Comit\u00e9 technique national, partage son histoire de comp\u00e9tences\"}]},{\"@type\":\"WebSite\",\"@id\":\"https:\\\/\\\/www.skillscompetencescanada.com\\\/fr\\\/#website\",\"url\":\"https:\\\/\\\/www.skillscompetencescanada.com\\\/fr\\\/\",\"name\":\"Skills Competences Canada\",\"description\":\"\",\"publisher\":{\"@id\":\"https:\\\/\\\/www.skillscompetencescanada.com\\\/fr\\\/#organization\"},\"potentialAction\":[{\"@type\":\"SearchAction\",\"target\":{\"@type\":\"EntryPoint\",\"urlTemplate\":\"https:\\\/\\\/www.skillscompetencescanada.com\\\/fr\\\/?s={search_term_string}\"},\"query-input\":{\"@type\":\"PropertyValueSpecification\",\"valueRequired\":true,\"valueName\":\"search_term_string\"}}],\"inLanguage\":\"fr-FR\"},{\"@type\":\"Organization\",\"@id\":\"https:\\\/\\\/www.skillscompetencescanada.com\\\/fr\\\/#organization\",\"name\":\"skills competences canada\",\"url\":\"https:\\\/\\\/www.skillscompetencescanada.com\\\/fr\\\/\",\"logo\":{\"@type\":\"ImageObject\",\"inLanguage\":\"fr-FR\",\"@id\":\"https:\\\/\\\/www.skillscompetencescanada.com\\\/fr\\\/#\\\/schema\\\/logo\\\/image\\\/\",\"url\":\"http:\\\/\\\/skillscompetencescanada.com\\\/wp-content\\\/uploads\\\/2016\\\/09\\\/avatar-admin-96x96-1.jpg\",\"contentUrl\":\"http:\\\/\\\/skillscompetencescanada.com\\\/wp-content\\\/uploads\\\/2016\\\/09\\\/avatar-admin-96x96-1.jpg\",\"width\":96,\"height\":96,\"caption\":\"skills competences canada\"},\"image\":{\"@id\":\"https:\\\/\\\/www.skillscompetencescanada.com\\\/fr\\\/#\\\/schema\\\/logo\\\/image\\\/\"}},{\"@type\":\"Person\",\"@id\":\"https:\\\/\\\/www.skillscompetencescanada.com\\\/fr\\\/#\\\/schema\\\/person\\\/402ff1bab3fa80eafc7429a9d3391033\",\"name\":\"Brad\",\"url\":\"https:\\\/\\\/www.skillscompetencescanada.com\\\/fr\\\/author\\\/amanda\\\/\"}]}<\/script>\n<!-- \/ Yoast SEO plugin. -->","yoast_head_json":{"title":"Gary Franceschini, b\u00e9n\u00e9vole au sein du Comit\u00e9 technique national, partage son histoire de comp\u00e9tences - Skills Competences Canada","robots":{"index":"index","follow":"follow","max-snippet":"max-snippet:-1","max-image-preview":"max-image-preview:large","max-video-preview":"max-video-preview:-1"},"canonical":"https:\/\/www.skillscompetencescanada.com\/fr\/gary-franceschini-benevole-au-sein-du-comite-technique-national-partage-son-histoire-de-competences\/","twitter_misc":{"\u00c9crit par":"Brad","Dur\u00e9e de lecture estim\u00e9e":"4 minutes"},"schema":{"@context":"https:\/\/schema.org","@graph":[{"@type":"Article","@id":"https:\/\/www.skillscompetencescanada.com\/fr\/gary-franceschini-benevole-au-sein-du-comite-technique-national-partage-son-histoire-de-competences\/#article","isPartOf":{"@id":"https:\/\/www.skillscompetencescanada.com\/fr\/gary-franceschini-benevole-au-sein-du-comite-technique-national-partage-son-histoire-de-competences\/"},"author":{"name":"Brad","@id":"https:\/\/www.skillscompetencescanada.com\/fr\/#\/schema\/person\/402ff1bab3fa80eafc7429a9d3391033"},"headline":"Gary Franceschini, b\u00e9n\u00e9vole au sein du Comit\u00e9 technique national, partage son histoire de comp\u00e9tences","datePublished":"2023-04-20T17:33:13+00:00","mainEntityOfPage":{"@id":"https:\/\/www.skillscompetencescanada.com\/fr\/gary-franceschini-benevole-au-sein-du-comite-technique-national-partage-son-histoire-de-competences\/"},"wordCount":772,"publisher":{"@id":"https:\/\/www.skillscompetencescanada.com\/fr\/#organization"},"image":{"@id":"https:\/\/www.skillscompetencescanada.com\/fr\/gary-franceschini-benevole-au-sein-du-comite-technique-national-partage-son-histoire-de-competences\/#primaryimage"},"thumbnailUrl":"https:\/\/www.skillscompetencescanada.com\/wp-content\/uploads\/2023\/04\/Gary-Francescini.jpg","articleSection":["Nouvelles comp\u00e9tences"],"inLanguage":"fr-FR"},{"@type":"WebPage","@id":"https:\/\/www.skillscompetencescanada.com\/fr\/gary-franceschini-benevole-au-sein-du-comite-technique-national-partage-son-histoire-de-competences\/","url":"https:\/\/www.skillscompetencescanada.com\/fr\/gary-franceschini-benevole-au-sein-du-comite-technique-national-partage-son-histoire-de-competences\/","name":"Gary Franceschini, b\u00e9n\u00e9vole au sein du Comit\u00e9 technique national, partage son histoire de comp\u00e9tences - Skills Competences Canada","isPartOf":{"@id":"https:\/\/www.skillscompetencescanada.com\/fr\/#website"},"primaryImageOfPage":{"@id":"https:\/\/www.skillscompetencescanada.com\/fr\/gary-franceschini-benevole-au-sein-du-comite-technique-national-partage-son-histoire-de-competences\/#primaryimage"},"image":{"@id":"https:\/\/www.skillscompetencescanada.com\/fr\/gary-franceschini-benevole-au-sein-du-comite-technique-national-partage-son-histoire-de-competences\/#primaryimage"},"thumbnailUrl":"https:\/\/www.skillscompetencescanada.com\/wp-content\/uploads\/2023\/04\/Gary-Francescini.jpg","datePublished":"2023-04-20T17:33:13+00:00","breadcrumb":{"@id":"https:\/\/www.skillscompetencescanada.com\/fr\/gary-franceschini-benevole-au-sein-du-comite-technique-national-partage-son-histoire-de-competences\/#breadcrumb"},"inLanguage":"fr-FR","potentialAction":[{"@type":"ReadAction","target":["https:\/\/www.skillscompetencescanada.com\/fr\/gary-franceschini-benevole-au-sein-du-comite-technique-national-partage-son-histoire-de-competences\/"]}]},{"@type":"ImageObject","inLanguage":"fr-FR","@id":"https:\/\/www.skillscompetencescanada.com\/fr\/gary-franceschini-benevole-au-sein-du-comite-technique-national-partage-son-histoire-de-competences\/#primaryimage","url":"https:\/\/www.skillscompetencescanada.com\/wp-content\/uploads\/2023\/04\/Gary-Francescini.jpg","contentUrl":"https:\/\/www.skillscompetencescanada.com\/wp-content\/uploads\/2023\/04\/Gary-Francescini.jpg","width":504,"height":614},{"@type":"BreadcrumbList","@id":"https:\/\/www.skillscompetencescanada.com\/fr\/gary-franceschini-benevole-au-sein-du-comite-technique-national-partage-son-histoire-de-competences\/#breadcrumb","itemListElement":[{"@type":"ListItem","position":1,"name":"Home","item":"https:\/\/www.skillscompetencescanada.com\/fr\/"},{"@type":"ListItem","position":2,"name":"Gary Franceschini, b\u00e9n\u00e9vole au sein du Comit\u00e9 technique national, partage son histoire de comp\u00e9tences"}]},{"@type":"WebSite","@id":"https:\/\/www.skillscompetencescanada.com\/fr\/#website","url":"https:\/\/www.skillscompetencescanada.com\/fr\/","name":"Skills Competences Canada","description":"","publisher":{"@id":"https:\/\/www.skillscompetencescanada.com\/fr\/#organization"},"potentialAction":[{"@type":"SearchAction","target":{"@type":"EntryPoint","urlTemplate":"https:\/\/www.skillscompetencescanada.com\/fr\/?s={search_term_string}"},"query-input":{"@type":"PropertyValueSpecification","valueRequired":true,"valueName":"search_term_string"}}],"inLanguage":"fr-FR"},{"@type":"Organization","@id":"https:\/\/www.skillscompetencescanada.com\/fr\/#organization","name":"skills competences canada","url":"https:\/\/www.skillscompetencescanada.com\/fr\/","logo":{"@type":"ImageObject","inLanguage":"fr-FR","@id":"https:\/\/www.skillscompetencescanada.com\/fr\/#\/schema\/logo\/image\/","url":"http:\/\/skillscompetencescanada.com\/wp-content\/uploads\/2016\/09\/avatar-admin-96x96-1.jpg","contentUrl":"http:\/\/skillscompetencescanada.com\/wp-content\/uploads\/2016\/09\/avatar-admin-96x96-1.jpg","width":96,"height":96,"caption":"skills competences canada"},"image":{"@id":"https:\/\/www.skillscompetencescanada.com\/fr\/#\/schema\/logo\/image\/"}},{"@type":"Person","@id":"https:\/\/www.skillscompetencescanada.com\/fr\/#\/schema\/person\/402ff1bab3fa80eafc7429a9d3391033","name":"Brad","url":"https:\/\/www.skillscompetencescanada.com\/fr\/author\/amanda\/"}]}},"_links":{"self":[{"href":"https:\/\/www.skillscompetencescanada.com\/fr\/wp-json\/wp\/v2\/posts\/100857","targetHints":{"allow":["GET"]}}],"collection":[{"href":"https:\/\/www.skillscompetencescanada.com\/fr\/wp-json\/wp\/v2\/posts"}],"about":[{"href":"https:\/\/www.skillscompetencescanada.com\/fr\/wp-json\/wp\/v2\/types\/post"}],"author":[{"embeddable":true,"href":"https:\/\/www.skillscompetencescanada.com\/fr\/wp-json\/wp\/v2\/users\/3"}],"replies":[{"embeddable":true,"href":"https:\/\/www.skillscompetencescanada.com\/fr\/wp-json\/wp\/v2\/comments?post=100857"}],"version-history":[{"count":0,"href":"https:\/\/www.skillscompetencescanada.com\/fr\/wp-json\/wp\/v2\/posts\/100857\/revisions"}],"wp:featuredmedia":[{"embeddable":true,"href":"https:\/\/www.skillscompetencescanada.com\/fr\/wp-json\/wp\/v2\/media\/100855"}],"wp:attachment":[{"href":"https:\/\/www.skillscompetencescanada.com\/fr\/wp-json\/wp\/v2\/media?parent=100857"}],"wp:term":[{"taxonomy":"category","embeddable":true,"href":"https:\/\/www.skillscompetencescanada.com\/fr\/wp-json\/wp\/v2\/categories?post=100857"},{"taxonomy":"post_tag","embeddable":true,"href":"https:\/\/www.skillscompetencescanada.com\/fr\/wp-json\/wp\/v2\/tags?post=100857"}],"curies":[{"name":"wp","href":"https:\/\/api.w.org\/{rel}","templated":true}]}}