{"id":111938,"date":"2025-11-06T10:46:04","date_gmt":"2025-11-06T15:46:04","guid":{"rendered":"https:\/\/www.skillscompetencescanada.com\/?p=111938"},"modified":"2025-11-06T10:46:04","modified_gmt":"2025-11-06T15:46:04","slug":"de-la-salle-de-classe-a-une-carriere-la-communaute-des-competences-celebre-la-semaine-nationale-des-metiers-specialises-et-des-technologies-au-centennial-college-a-toronto","status":"publish","type":"post","link":"https:\/\/www.skillscompetencescanada.com\/fr\/de-la-salle-de-classe-a-une-carriere-la-communaute-des-competences-celebre-la-semaine-nationale-des-metiers-specialises-et-des-technologies-au-centennial-college-a-toronto\/","title":{"rendered":"De la salle de classe \u00e0 une carri\u00e8re : La communaut\u00e9 des Comp\u00e9tences c\u00e9l\u00e8bre la Semaine nationale des m\u00e9tiers sp\u00e9cialis\u00e9s et des technologies au Centennial College, \u00e0 Toronto"},"content":{"rendered":"<p><strong>Ottawa, Ontario, le <\/strong><strong>6 novembre 2025 <\/strong>\u2013 Skills\/Comp\u00e9tences Canada (SCC) est fier de c\u00e9l\u00e9brer la 21<sup>e<\/sup> Semaine nationale des m\u00e9tiers sp\u00e9cialis\u00e9s et des technologies (SNMST), qui vise \u00e0 sensibiliser les \u00e9l\u00e8ves et les enseignants aux incroyables possibilit\u00e9s de carri\u00e8re offertes dans les m\u00e9tiers sp\u00e9cialis\u00e9s et les technologies partout au Canada.<\/p>\n<p>Le 6 novembre, SCC a organis\u00e9 un \u00e9v\u00e9nement interactif pour souligner la SNMST au Centennial College, \u00e0 Toronto. Parmi les invit\u00e9s sp\u00e9ciaux figuraient Shaun Thorson, chef de la direction de Skills\/Comp\u00e9tences Canada, Peter Boutros, professeur \u00e0 l\u2019\u00c9cole des transports du Centennial College, Se\u00e1n Kinsella, directeur, the Eight Fire, Ethan Almeida, concurrent d&rsquo;\u00c9quipe Canada WorldSkills 2026 en Carrosserie, et Sherry Holmes, entrepreneure, animatrice de t\u00e9l\u00e9vision et passionn\u00e9e de bricolage. Skills\/Comp\u00e9tences Canada a \u00e9galement eu le plaisir d&rsquo;annoncer que les <a href=\"https:\/\/www.skillscompetencescanada.com\/fr\/event\/ocmt2024\/\">Olymp<\/a>iades canadiennes des m\u00e9tiers et des technologies 2026 se tiendront au Enercare Centre, \u00e0 Toronto, en Ontario, les 28 et 29 mai.<\/p>\n<p>Apr\u00e8s le programme officiel, des centaines d&rsquo;\u00e9l\u00e8ves d\u2019\u00e9coles locales ont particip\u00e9 \u00e0 plusieurs activit\u00e9s Essaie un m\u00e9tier et une technologie, organis\u00e9es par des enseignants et des experts d&rsquo;industrie, ainsi qu&rsquo;\u00e0 des laboratoires dans l\u2019ensemble du coll\u00e8ge. Tout au long de la journ\u00e9e, les \u00e9l\u00e8ves ont pu se renseigner sur des parcours \u00e9ducatifs et des possibilit\u00e9s de carri\u00e8re int\u00e9ressants et importants de diff\u00e9rents secteurs des m\u00e9tiers sp\u00e9cialis\u00e9s et des technologies. L&rsquo;\u00e9v\u00e9nement a \u00e9galement soulign\u00e9 l&rsquo;importance de la<em> Communication, <\/em>l&rsquo;une des neuf Comp\u00e9tences pour r\u00e9ussir, qui sont consid\u00e9r\u00e9es comme des notions fondamentales pour travailler dans ces secteurs<em>. <\/em>Pour obtenir plus de renseignements sur les Comp\u00e9tences pour r\u00e9ussir, veuillez consulter le <a href=\"https:\/\/tescompetencespourreussir.com\/\">site Web Comp\u00e9tences pour r\u00e9ussir.<\/a><\/p>\n<p>\u00ab\u2009Le Canada construit pour l\u2019avenir et nous investissons dans les jeunes Canadiens qui constitueront le moteur du progr\u00e8s \u00bb, a d\u00e9clar\u00e9 l\u2019honorable Patty Hajdu, la ministre de l\u2019Emploi et des Familles et ministre responsable de l\u2019Agence de d\u00e9veloppement \u00e9conomique pour le Nord de l\u2019Ontario. \u00ab Les m\u00e9tiers sp\u00e9cialis\u00e9s offrent des carri\u00e8res valorisantes qui renforcent les communaut\u00e9s et fa\u00e7onnent le Canada de demain.\u00a0\u00bb<\/p>\n<p>\u00ab\u00a0Skills\/Comp\u00e9tences Canada consid\u00e8re la Semaine nationale des m\u00e9tiers sp\u00e9cialis\u00e9s et des technologies comme une initiative importante, car elle met en \u00e9vidence les nombreuses possibilit\u00e9s de carri\u00e8re qui s&rsquo;offrent aux jeunes dans les m\u00e9tiers sp\u00e9cialis\u00e9s et les technologies\u00a0\u00bb, a d\u00e9clar\u00e9 Shaun Thorson, chef de la direction de Skills\/Comp\u00e9tences Canada. \u00ab\u00a0Compte tenu de la demande croissante de professionnels qualifi\u00e9s au pays, les \u00e9v\u00e9nements comme celui-ci jouent un r\u00f4le consid\u00e9rable en sensibilisant et encourageant les jeunes Canadiens \u00e0 envisager ces parcours professionnels prosp\u00e8res et essentiels.\u00a0\u00bb<\/p>\n<p>Pendant cette semaine, les organismes membres provinciaux et territoriaux de SCC organisent un ensemble d&rsquo;\u00e9v\u00e9nements et d&rsquo;activit\u00e9s dans l\u2019ensemble du pays, qui visent \u00e0 promouvoir les m\u00e9tiers sp\u00e9cialis\u00e9s et les technologies. Pour obtenir plus de renseignements, veuillez consulter la <a href=\"https:\/\/www.skillscompetencescanada.com\/fr\/program\/semaine-nationale-des-metiers-specialises-et-des-technologies\/\">page Web de la SNMST<\/a> sur le site Web de SCC.<\/p>\n<p>Selon des estimations r\u00e9centes de Statistique Canada, environ 700 000 travailleurs qualifi\u00e9s devraient prendre leur retraite entre 2019 et 2028, cr\u00e9ant ainsi un besoin sans cesse croissant de recruter et de former des milliers d&rsquo;autres personnes.<\/p>\n<p><strong>\u00c0 propos de Skills\/Comp\u00e9tences Canada <\/strong><\/p>\n<p>Fond\u00e9e en 1989, Skills\/Comp\u00e9tences Canada est une organisation nationale sans but lucratif qui compte des organismes membres dans chaque province et territoire, qui s\u2019emploient, en collaboration avec des employeurs, des enseignants, des groupes syndicaux et des gouvernements, \u00e0 promouvoir les carri\u00e8res des m\u00e9tiers sp\u00e9cialis\u00e9s et des technologies aupr\u00e8s des jeunes Canadiens. Gr\u00e2ce \u00e0 sa position unique parmi des partenaires des secteurs priv\u00e9 et public, l\u2019organisation aide le Canada \u00e0 r\u00e9pondre \u00e0 ses futurs besoins en main-d\u2019\u0153uvre qualifi\u00e9e, tout en faisant d\u00e9couvrir des carri\u00e8res enrichissantes aux jeunes. Elle offre aussi des possibilit\u00e9s d\u2019apprentissage exp\u00e9rientiel, notamment des comp\u00e9titions des m\u00e9tiers sp\u00e9cialis\u00e9s et des technologies qui r\u00e9unissent des centaines de milliers de jeunes Canadiens dans le cadre d\u2019\u00e9v\u00e8nements r\u00e9gionaux, provinciaux, territoriaux, nationaux et internationaux, ainsi que des programmes de sensibilisation aux m\u00e9tiers sp\u00e9cialis\u00e9s. Skills\/Comp\u00e9tences Canada, dont le si\u00e8ge social est situ\u00e9 \u00e0 Ottawa (Ontario), est l\u2019organisation canadienne membre de WorldSkills. Pour obtenir de plus amples renseignements, veuillez visiter <a href=\"http:\/\/www.skillscompetencescanada.com\">www.skillscompetencescanada.com<\/a>.<\/p>\n<p>Suivez Skills\/Comp\u00e9tences Canada sur <a href=\"https:\/\/twitter.com\/Skills_Canada\">X<\/a>, <a href=\"https:\/\/www.facebook.com\/skillscanada?ref=tn_tnmn\">Facebook<\/a>, <a href=\"https:\/\/www.youtube.com\/user\/SkillsCanadaOfficial?feature=mhee\">YouTube<\/a>, <a href=\"https:\/\/www.flickr.com\/photos\/skillscompetencescanada\/\">Flickr<\/a>, <a href=\"https:\/\/www.instagram.com\/skillscompetencescanada\/\">Instagram<\/a> et <a href=\"https:\/\/www.tiktok.com\/@skillscompetencescanada\">TikTok<\/a>. <strong>#SNMST2025<\/strong><\/p>\n<p style=\"text-align: center;\">-30-<\/p>\n<p><strong>Relations avec les m\u00e9dias : <\/strong>Mich\u00e8le Rogerson<strong>,<\/strong> 613-266-4771, <a href=\"mailto:micheler@skillscanada.com\">micheler@skillscanada.com<\/a><\/p>\n","protected":false},"excerpt":{"rendered":"<p>Ottawa, Ontario, le 6 novembre 2025 \u2013 Skills\/Comp\u00e9tences Canada (SCC) est fier de c\u00e9l\u00e9brer la 21e Semaine nationale des m\u00e9tiers sp\u00e9cialis\u00e9s et des technologies (SNMST), qui vise \u00e0 sensibiliser les<\/p>\n","protected":false},"author":3,"featured_media":111935,"comment_status":"closed","ping_status":"closed","sticky":false,"template":"","format":"standard","meta":{"_acf_changed":false,"site-sidebar-layout":"default","site-content-layout":"","ast-site-content-layout":"default","site-content-style":"default","site-sidebar-style":"default","ast-global-header-display":"","ast-banner-title-visibility":"","ast-main-header-display":"","ast-hfb-above-header-display":"","ast-hfb-below-header-display":"","ast-hfb-mobile-header-display":"","site-post-title":"","ast-breadcrumbs-content":"","ast-featured-img":"","footer-sml-layout":"","ast-disable-related-posts":"","theme-transparent-header-meta":"default","adv-header-id-meta":"","stick-header-meta":"default","header-above-stick-meta":"","header-main-stick-meta":"","header-below-stick-meta":"","astra-migrate-meta-layouts":"set","ast-page-background-enabled":"default","ast-page-background-meta":{"desktop":{"background-color":"","background-image":"","background-repeat":"repeat","background-position":"center center","background-size":"auto","background-attachment":"scroll","background-type":"","background-media":"","overlay-type":"","overlay-color":"","overlay-opacity":"","overlay-gradient":""},"tablet":{"background-color":"","background-image":"","background-repeat":"repeat","background-position":"center center","background-size":"auto","background-attachment":"scroll","background-type":"","background-media":"","overlay-type":"","overlay-color":"","overlay-opacity":"","overlay-gradient":""},"mobile":{"background-color":"","background-image":"","background-repeat":"repeat","background-position":"center center","background-size":"auto","background-attachment":"scroll","background-type":"","background-media":"","overlay-type":"","overlay-color":"","overlay-opacity":"","overlay-gradient":""}},"ast-content-background-meta":{"desktop":{"background-color":"var(--ast-global-color-5)","background-image":"","background-repeat":"repeat","background-position":"center center","background-size":"auto","background-attachment":"scroll","background-type":"","background-media":"","overlay-type":"","overlay-color":"","overlay-opacity":"","overlay-gradient":""},"tablet":{"background-color":"var(--ast-global-color-5)","background-image":"","background-repeat":"repeat","background-position":"center center","background-size":"auto","background-attachment":"scroll","background-type":"","background-media":"","overlay-type":"","overlay-color":"","overlay-opacity":"","overlay-gradient":""},"mobile":{"background-color":"var(--ast-global-color-5)","background-image":"","background-repeat":"repeat","background-position":"center center","background-size":"auto","background-attachment":"scroll","background-type":"","background-media":"","overlay-type":"","overlay-color":"","overlay-opacity":"","overlay-gradient":""}},"footnotes":""},"categories":[306],"tags":[],"class_list":["post-111938","post","type-post","status-publish","format-standard","has-post-thumbnail","hentry","category-communiques-de-presse"],"acf":[],"yoast_head":"<!-- This site is optimized with the Yoast SEO plugin v27.4 - https:\/\/yoast.com\/product\/yoast-seo-wordpress\/ -->\n<title>De la salle de classe \u00e0 une carri\u00e8re : La communaut\u00e9 des Comp\u00e9tences c\u00e9l\u00e8bre la Semaine nationale des m\u00e9tiers sp\u00e9cialis\u00e9s et des technologies au Centennial College, \u00e0 Toronto - Skills Competences Canada<\/title>\n<meta name=\"robots\" content=\"index, follow, max-snippet:-1, max-image-preview:large, max-video-preview:-1\" \/>\n<link rel=\"canonical\" href=\"https:\/\/www.skillscompetencescanada.com\/fr\/de-la-salle-de-classe-a-une-carriere-la-communaute-des-competences-celebre-la-semaine-nationale-des-metiers-specialises-et-des-technologies-au-centennial-college-a-toronto\/\" \/>\n<meta name=\"twitter:label1\" content=\"\u00c9crit par\" \/>\n\t<meta name=\"twitter:data1\" content=\"Brad\" \/>\n\t<meta name=\"twitter:label2\" content=\"Dur\u00e9e de lecture estim\u00e9e\" \/>\n\t<meta name=\"twitter:data2\" content=\"4 minutes\" \/>\n<script type=\"application\/ld+json\" class=\"yoast-schema-graph\">{\"@context\":\"https:\\\/\\\/schema.org\",\"@graph\":[{\"@type\":\"Article\",\"@id\":\"https:\\\/\\\/www.skillscompetencescanada.com\\\/fr\\\/de-la-salle-de-classe-a-une-carriere-la-communaute-des-competences-celebre-la-semaine-nationale-des-metiers-specialises-et-des-technologies-au-centennial-college-a-toronto\\\/#article\",\"isPartOf\":{\"@id\":\"https:\\\/\\\/www.skillscompetencescanada.com\\\/fr\\\/de-la-salle-de-classe-a-une-carriere-la-communaute-des-competences-celebre-la-semaine-nationale-des-metiers-specialises-et-des-technologies-au-centennial-college-a-toronto\\\/\"},\"author\":{\"name\":\"Brad\",\"@id\":\"https:\\\/\\\/www.skillscompetencescanada.com\\\/fr\\\/#\\\/schema\\\/person\\\/402ff1bab3fa80eafc7429a9d3391033\"},\"headline\":\"De la salle de classe \u00e0 une carri\u00e8re : La communaut\u00e9 des Comp\u00e9tences c\u00e9l\u00e8bre la Semaine nationale des m\u00e9tiers sp\u00e9cialis\u00e9s et des technologies au Centennial College, \u00e0 Toronto\",\"datePublished\":\"2025-11-06T15:46:04+00:00\",\"mainEntityOfPage\":{\"@id\":\"https:\\\/\\\/www.skillscompetencescanada.com\\\/fr\\\/de-la-salle-de-classe-a-une-carriere-la-communaute-des-competences-celebre-la-semaine-nationale-des-metiers-specialises-et-des-technologies-au-centennial-college-a-toronto\\\/\"},\"wordCount\":830,\"publisher\":{\"@id\":\"https:\\\/\\\/www.skillscompetencescanada.com\\\/fr\\\/#organization\"},\"image\":{\"@id\":\"https:\\\/\\\/www.skillscompetencescanada.com\\\/fr\\\/de-la-salle-de-classe-a-une-carriere-la-communaute-des-competences-celebre-la-semaine-nationale-des-metiers-specialises-et-des-technologies-au-centennial-college-a-toronto\\\/#primaryimage\"},\"thumbnailUrl\":\"https:\\\/\\\/www.skillscompetencescanada.com\\\/wp-content\\\/uploads\\\/2025\\\/11\\\/SkillsCanadaSpeakers-007.jpeg\",\"articleSection\":[\"Communiqu\u00e9s de presse\"],\"inLanguage\":\"fr-FR\"},{\"@type\":\"WebPage\",\"@id\":\"https:\\\/\\\/www.skillscompetencescanada.com\\\/fr\\\/de-la-salle-de-classe-a-une-carriere-la-communaute-des-competences-celebre-la-semaine-nationale-des-metiers-specialises-et-des-technologies-au-centennial-college-a-toronto\\\/\",\"url\":\"https:\\\/\\\/www.skillscompetencescanada.com\\\/fr\\\/de-la-salle-de-classe-a-une-carriere-la-communaute-des-competences-celebre-la-semaine-nationale-des-metiers-specialises-et-des-technologies-au-centennial-college-a-toronto\\\/\",\"name\":\"De la salle de classe \u00e0 une carri\u00e8re : La communaut\u00e9 des Comp\u00e9tences c\u00e9l\u00e8bre la Semaine nationale des m\u00e9tiers sp\u00e9cialis\u00e9s et des technologies au Centennial College, \u00e0 Toronto - Skills Competences Canada\",\"isPartOf\":{\"@id\":\"https:\\\/\\\/www.skillscompetencescanada.com\\\/fr\\\/#website\"},\"primaryImageOfPage\":{\"@id\":\"https:\\\/\\\/www.skillscompetencescanada.com\\\/fr\\\/de-la-salle-de-classe-a-une-carriere-la-communaute-des-competences-celebre-la-semaine-nationale-des-metiers-specialises-et-des-technologies-au-centennial-college-a-toronto\\\/#primaryimage\"},\"image\":{\"@id\":\"https:\\\/\\\/www.skillscompetencescanada.com\\\/fr\\\/de-la-salle-de-classe-a-une-carriere-la-communaute-des-competences-celebre-la-semaine-nationale-des-metiers-specialises-et-des-technologies-au-centennial-college-a-toronto\\\/#primaryimage\"},\"thumbnailUrl\":\"https:\\\/\\\/www.skillscompetencescanada.com\\\/wp-content\\\/uploads\\\/2025\\\/11\\\/SkillsCanadaSpeakers-007.jpeg\",\"datePublished\":\"2025-11-06T15:46:04+00:00\",\"breadcrumb\":{\"@id\":\"https:\\\/\\\/www.skillscompetencescanada.com\\\/fr\\\/de-la-salle-de-classe-a-une-carriere-la-communaute-des-competences-celebre-la-semaine-nationale-des-metiers-specialises-et-des-technologies-au-centennial-college-a-toronto\\\/#breadcrumb\"},\"inLanguage\":\"fr-FR\",\"potentialAction\":[{\"@type\":\"ReadAction\",\"target\":[\"https:\\\/\\\/www.skillscompetencescanada.com\\\/fr\\\/de-la-salle-de-classe-a-une-carriere-la-communaute-des-competences-celebre-la-semaine-nationale-des-metiers-specialises-et-des-technologies-au-centennial-college-a-toronto\\\/\"]}]},{\"@type\":\"ImageObject\",\"inLanguage\":\"fr-FR\",\"@id\":\"https:\\\/\\\/www.skillscompetencescanada.com\\\/fr\\\/de-la-salle-de-classe-a-une-carriere-la-communaute-des-competences-celebre-la-semaine-nationale-des-metiers-specialises-et-des-technologies-au-centennial-college-a-toronto\\\/#primaryimage\",\"url\":\"https:\\\/\\\/www.skillscompetencescanada.com\\\/wp-content\\\/uploads\\\/2025\\\/11\\\/SkillsCanadaSpeakers-007.jpeg\",\"contentUrl\":\"https:\\\/\\\/www.skillscompetencescanada.com\\\/wp-content\\\/uploads\\\/2025\\\/11\\\/SkillsCanadaSpeakers-007.jpeg\",\"width\":771,\"height\":395},{\"@type\":\"BreadcrumbList\",\"@id\":\"https:\\\/\\\/www.skillscompetencescanada.com\\\/fr\\\/de-la-salle-de-classe-a-une-carriere-la-communaute-des-competences-celebre-la-semaine-nationale-des-metiers-specialises-et-des-technologies-au-centennial-college-a-toronto\\\/#breadcrumb\",\"itemListElement\":[{\"@type\":\"ListItem\",\"position\":1,\"name\":\"Home\",\"item\":\"https:\\\/\\\/www.skillscompetencescanada.com\\\/fr\\\/\"},{\"@type\":\"ListItem\",\"position\":2,\"name\":\"De la salle de classe \u00e0 une carri\u00e8re : La communaut\u00e9 des Comp\u00e9tences c\u00e9l\u00e8bre la Semaine nationale des m\u00e9tiers sp\u00e9cialis\u00e9s et des technologies au Centennial College, \u00e0 Toronto\"}]},{\"@type\":\"WebSite\",\"@id\":\"https:\\\/\\\/www.skillscompetencescanada.com\\\/fr\\\/#website\",\"url\":\"https:\\\/\\\/www.skillscompetencescanada.com\\\/fr\\\/\",\"name\":\"Skills Competences Canada\",\"description\":\"\",\"publisher\":{\"@id\":\"https:\\\/\\\/www.skillscompetencescanada.com\\\/fr\\\/#organization\"},\"potentialAction\":[{\"@type\":\"SearchAction\",\"target\":{\"@type\":\"EntryPoint\",\"urlTemplate\":\"https:\\\/\\\/www.skillscompetencescanada.com\\\/fr\\\/?s={search_term_string}\"},\"query-input\":{\"@type\":\"PropertyValueSpecification\",\"valueRequired\":true,\"valueName\":\"search_term_string\"}}],\"inLanguage\":\"fr-FR\"},{\"@type\":\"Organization\",\"@id\":\"https:\\\/\\\/www.skillscompetencescanada.com\\\/fr\\\/#organization\",\"name\":\"skills competences canada\",\"url\":\"https:\\\/\\\/www.skillscompetencescanada.com\\\/fr\\\/\",\"logo\":{\"@type\":\"ImageObject\",\"inLanguage\":\"fr-FR\",\"@id\":\"https:\\\/\\\/www.skillscompetencescanada.com\\\/fr\\\/#\\\/schema\\\/logo\\\/image\\\/\",\"url\":\"http:\\\/\\\/skillscompetencescanada.com\\\/wp-content\\\/uploads\\\/2016\\\/09\\\/avatar-admin-96x96-1.jpg\",\"contentUrl\":\"http:\\\/\\\/skillscompetencescanada.com\\\/wp-content\\\/uploads\\\/2016\\\/09\\\/avatar-admin-96x96-1.jpg\",\"width\":96,\"height\":96,\"caption\":\"skills competences canada\"},\"image\":{\"@id\":\"https:\\\/\\\/www.skillscompetencescanada.com\\\/fr\\\/#\\\/schema\\\/logo\\\/image\\\/\"}},{\"@type\":\"Person\",\"@id\":\"https:\\\/\\\/www.skillscompetencescanada.com\\\/fr\\\/#\\\/schema\\\/person\\\/402ff1bab3fa80eafc7429a9d3391033\",\"name\":\"Brad\",\"url\":\"https:\\\/\\\/www.skillscompetencescanada.com\\\/fr\\\/author\\\/amanda\\\/\"}]}<\/script>\n<!-- \/ Yoast SEO plugin. -->","yoast_head_json":{"title":"De la salle de classe \u00e0 une carri\u00e8re : La communaut\u00e9 des Comp\u00e9tences c\u00e9l\u00e8bre la Semaine nationale des m\u00e9tiers sp\u00e9cialis\u00e9s et des technologies au Centennial College, \u00e0 Toronto - Skills Competences Canada","robots":{"index":"index","follow":"follow","max-snippet":"max-snippet:-1","max-image-preview":"max-image-preview:large","max-video-preview":"max-video-preview:-1"},"canonical":"https:\/\/www.skillscompetencescanada.com\/fr\/de-la-salle-de-classe-a-une-carriere-la-communaute-des-competences-celebre-la-semaine-nationale-des-metiers-specialises-et-des-technologies-au-centennial-college-a-toronto\/","twitter_misc":{"\u00c9crit par":"Brad","Dur\u00e9e de lecture estim\u00e9e":"4 minutes"},"schema":{"@context":"https:\/\/schema.org","@graph":[{"@type":"Article","@id":"https:\/\/www.skillscompetencescanada.com\/fr\/de-la-salle-de-classe-a-une-carriere-la-communaute-des-competences-celebre-la-semaine-nationale-des-metiers-specialises-et-des-technologies-au-centennial-college-a-toronto\/#article","isPartOf":{"@id":"https:\/\/www.skillscompetencescanada.com\/fr\/de-la-salle-de-classe-a-une-carriere-la-communaute-des-competences-celebre-la-semaine-nationale-des-metiers-specialises-et-des-technologies-au-centennial-college-a-toronto\/"},"author":{"name":"Brad","@id":"https:\/\/www.skillscompetencescanada.com\/fr\/#\/schema\/person\/402ff1bab3fa80eafc7429a9d3391033"},"headline":"De la salle de classe \u00e0 une carri\u00e8re : La communaut\u00e9 des Comp\u00e9tences c\u00e9l\u00e8bre la Semaine nationale des m\u00e9tiers sp\u00e9cialis\u00e9s et des technologies au Centennial College, \u00e0 Toronto","datePublished":"2025-11-06T15:46:04+00:00","mainEntityOfPage":{"@id":"https:\/\/www.skillscompetencescanada.com\/fr\/de-la-salle-de-classe-a-une-carriere-la-communaute-des-competences-celebre-la-semaine-nationale-des-metiers-specialises-et-des-technologies-au-centennial-college-a-toronto\/"},"wordCount":830,"publisher":{"@id":"https:\/\/www.skillscompetencescanada.com\/fr\/#organization"},"image":{"@id":"https:\/\/www.skillscompetencescanada.com\/fr\/de-la-salle-de-classe-a-une-carriere-la-communaute-des-competences-celebre-la-semaine-nationale-des-metiers-specialises-et-des-technologies-au-centennial-college-a-toronto\/#primaryimage"},"thumbnailUrl":"https:\/\/www.skillscompetencescanada.com\/wp-content\/uploads\/2025\/11\/SkillsCanadaSpeakers-007.jpeg","articleSection":["Communiqu\u00e9s de presse"],"inLanguage":"fr-FR"},{"@type":"WebPage","@id":"https:\/\/www.skillscompetencescanada.com\/fr\/de-la-salle-de-classe-a-une-carriere-la-communaute-des-competences-celebre-la-semaine-nationale-des-metiers-specialises-et-des-technologies-au-centennial-college-a-toronto\/","url":"https:\/\/www.skillscompetencescanada.com\/fr\/de-la-salle-de-classe-a-une-carriere-la-communaute-des-competences-celebre-la-semaine-nationale-des-metiers-specialises-et-des-technologies-au-centennial-college-a-toronto\/","name":"De la salle de classe \u00e0 une carri\u00e8re : La communaut\u00e9 des Comp\u00e9tences c\u00e9l\u00e8bre la Semaine nationale des m\u00e9tiers sp\u00e9cialis\u00e9s et des technologies au Centennial College, \u00e0 Toronto - Skills Competences Canada","isPartOf":{"@id":"https:\/\/www.skillscompetencescanada.com\/fr\/#website"},"primaryImageOfPage":{"@id":"https:\/\/www.skillscompetencescanada.com\/fr\/de-la-salle-de-classe-a-une-carriere-la-communaute-des-competences-celebre-la-semaine-nationale-des-metiers-specialises-et-des-technologies-au-centennial-college-a-toronto\/#primaryimage"},"image":{"@id":"https:\/\/www.skillscompetencescanada.com\/fr\/de-la-salle-de-classe-a-une-carriere-la-communaute-des-competences-celebre-la-semaine-nationale-des-metiers-specialises-et-des-technologies-au-centennial-college-a-toronto\/#primaryimage"},"thumbnailUrl":"https:\/\/www.skillscompetencescanada.com\/wp-content\/uploads\/2025\/11\/SkillsCanadaSpeakers-007.jpeg","datePublished":"2025-11-06T15:46:04+00:00","breadcrumb":{"@id":"https:\/\/www.skillscompetencescanada.com\/fr\/de-la-salle-de-classe-a-une-carriere-la-communaute-des-competences-celebre-la-semaine-nationale-des-metiers-specialises-et-des-technologies-au-centennial-college-a-toronto\/#breadcrumb"},"inLanguage":"fr-FR","potentialAction":[{"@type":"ReadAction","target":["https:\/\/www.skillscompetencescanada.com\/fr\/de-la-salle-de-classe-a-une-carriere-la-communaute-des-competences-celebre-la-semaine-nationale-des-metiers-specialises-et-des-technologies-au-centennial-college-a-toronto\/"]}]},{"@type":"ImageObject","inLanguage":"fr-FR","@id":"https:\/\/www.skillscompetencescanada.com\/fr\/de-la-salle-de-classe-a-une-carriere-la-communaute-des-competences-celebre-la-semaine-nationale-des-metiers-specialises-et-des-technologies-au-centennial-college-a-toronto\/#primaryimage","url":"https:\/\/www.skillscompetencescanada.com\/wp-content\/uploads\/2025\/11\/SkillsCanadaSpeakers-007.jpeg","contentUrl":"https:\/\/www.skillscompetencescanada.com\/wp-content\/uploads\/2025\/11\/SkillsCanadaSpeakers-007.jpeg","width":771,"height":395},{"@type":"BreadcrumbList","@id":"https:\/\/www.skillscompetencescanada.com\/fr\/de-la-salle-de-classe-a-une-carriere-la-communaute-des-competences-celebre-la-semaine-nationale-des-metiers-specialises-et-des-technologies-au-centennial-college-a-toronto\/#breadcrumb","itemListElement":[{"@type":"ListItem","position":1,"name":"Home","item":"https:\/\/www.skillscompetencescanada.com\/fr\/"},{"@type":"ListItem","position":2,"name":"De la salle de classe \u00e0 une carri\u00e8re : La communaut\u00e9 des Comp\u00e9tences c\u00e9l\u00e8bre la Semaine nationale des m\u00e9tiers sp\u00e9cialis\u00e9s et des technologies au Centennial College, \u00e0 Toronto"}]},{"@type":"WebSite","@id":"https:\/\/www.skillscompetencescanada.com\/fr\/#website","url":"https:\/\/www.skillscompetencescanada.com\/fr\/","name":"Skills Competences Canada","description":"","publisher":{"@id":"https:\/\/www.skillscompetencescanada.com\/fr\/#organization"},"potentialAction":[{"@type":"SearchAction","target":{"@type":"EntryPoint","urlTemplate":"https:\/\/www.skillscompetencescanada.com\/fr\/?s={search_term_string}"},"query-input":{"@type":"PropertyValueSpecification","valueRequired":true,"valueName":"search_term_string"}}],"inLanguage":"fr-FR"},{"@type":"Organization","@id":"https:\/\/www.skillscompetencescanada.com\/fr\/#organization","name":"skills competences canada","url":"https:\/\/www.skillscompetencescanada.com\/fr\/","logo":{"@type":"ImageObject","inLanguage":"fr-FR","@id":"https:\/\/www.skillscompetencescanada.com\/fr\/#\/schema\/logo\/image\/","url":"http:\/\/skillscompetencescanada.com\/wp-content\/uploads\/2016\/09\/avatar-admin-96x96-1.jpg","contentUrl":"http:\/\/skillscompetencescanada.com\/wp-content\/uploads\/2016\/09\/avatar-admin-96x96-1.jpg","width":96,"height":96,"caption":"skills competences canada"},"image":{"@id":"https:\/\/www.skillscompetencescanada.com\/fr\/#\/schema\/logo\/image\/"}},{"@type":"Person","@id":"https:\/\/www.skillscompetencescanada.com\/fr\/#\/schema\/person\/402ff1bab3fa80eafc7429a9d3391033","name":"Brad","url":"https:\/\/www.skillscompetencescanada.com\/fr\/author\/amanda\/"}]}},"_links":{"self":[{"href":"https:\/\/www.skillscompetencescanada.com\/fr\/wp-json\/wp\/v2\/posts\/111938","targetHints":{"allow":["GET"]}}],"collection":[{"href":"https:\/\/www.skillscompetencescanada.com\/fr\/wp-json\/wp\/v2\/posts"}],"about":[{"href":"https:\/\/www.skillscompetencescanada.com\/fr\/wp-json\/wp\/v2\/types\/post"}],"author":[{"embeddable":true,"href":"https:\/\/www.skillscompetencescanada.com\/fr\/wp-json\/wp\/v2\/users\/3"}],"replies":[{"embeddable":true,"href":"https:\/\/www.skillscompetencescanada.com\/fr\/wp-json\/wp\/v2\/comments?post=111938"}],"version-history":[{"count":1,"href":"https:\/\/www.skillscompetencescanada.com\/fr\/wp-json\/wp\/v2\/posts\/111938\/revisions"}],"predecessor-version":[{"id":111939,"href":"https:\/\/www.skillscompetencescanada.com\/fr\/wp-json\/wp\/v2\/posts\/111938\/revisions\/111939"}],"wp:featuredmedia":[{"embeddable":true,"href":"https:\/\/www.skillscompetencescanada.com\/fr\/wp-json\/wp\/v2\/media\/111935"}],"wp:attachment":[{"href":"https:\/\/www.skillscompetencescanada.com\/fr\/wp-json\/wp\/v2\/media?parent=111938"}],"wp:term":[{"taxonomy":"category","embeddable":true,"href":"https:\/\/www.skillscompetencescanada.com\/fr\/wp-json\/wp\/v2\/categories?post=111938"},{"taxonomy":"post_tag","embeddable":true,"href":"https:\/\/www.skillscompetencescanada.com\/fr\/wp-json\/wp\/v2\/tags?post=111938"}],"curies":[{"name":"wp","href":"https:\/\/api.w.org\/{rel}","templated":true}]}}