{"id":114086,"date":"2026-04-30T10:36:39","date_gmt":"2026-04-30T14:36:39","guid":{"rendered":"https:\/\/www.skillscompetencescanada.com\/?p=114086"},"modified":"2026-04-30T10:36:39","modified_gmt":"2026-04-30T14:36:39","slug":"skills-competences-canada-reagit-aux-investissements-dans-les-metiers-specialises-pour-les-jeunes-annonces-dans-la-mise-a-jour-economique-du-printemps","status":"publish","type":"post","link":"https:\/\/www.skillscompetencescanada.com\/fr\/skills-competences-canada-reagit-aux-investissements-dans-les-metiers-specialises-pour-les-jeunes-annonces-dans-la-mise-a-jour-economique-du-printemps\/","title":{"rendered":"Skills\/Comp\u00e9tences Canada r\u00e9agit aux investissements dans les m\u00e9tiers sp\u00e9cialis\u00e9s pour les jeunes annonc\u00e9s dans la Mise \u00e0 jour \u00e9conomique du printemps"},"content":{"rendered":"<p><strong>Ottawa, Ontario \u2013 le 30 avril 2026 <\/strong>\u2013 Skills\/Comp\u00e9tences Canada (SCC) se f\u00e9licite des investissements f\u00e9d\u00e9raux qui visent \u00e0 renforcer les parcours des jeunes dans les m\u00e9tiers sp\u00e9cialis\u00e9s, notamment le lancement de l&rsquo;initiative Une \u00c9quipe Canada forte. Ces investissements cr\u00e9eront des possibilit\u00e9s d\u2019emploi r\u00e9mun\u00e9r\u00e9es permettant aux jeunes Canadiens d\u2019entrer dans les m\u00e9tiers et de s\u2019orienter vers l\u2019apprentissage.<\/p>\n<p>\u00ab Nous demandons depuis longtemps une approche \u00e9cosyst\u00e9mique globale pour permettre aux jeunes Canadiens d\u2019explorer les carri\u00e8res enrichissantes des m\u00e9tiers sp\u00e9cialis\u00e9s et de se former et se lancer dans l\u2019une d\u2019entre elles \u00bb, a d\u00e9clar\u00e9 Shaun Thorson, chef de la direction, Skills\/Comp\u00e9tences Canada. \u00ab L\u2019annonce d\u2019aujourd\u2019hui refl\u00e8te une prise de conscience croissante selon laquelle il est indispensable d\u2019adopter une approche coordonn\u00e9e ax\u00e9e sur les jeunes qui lie la sensibilisation, la formation et l\u2019emploi pour rem\u00e9dier \u00e0 la p\u00e9nurie de travailleurs qualifi\u00e9s au Canada. \u00bb<\/p>\n<p>Par l\u2019interm\u00e9diaire de l\u2019initiative Une \u00c9quipe Canada forte, le gouvernement f\u00e9d\u00e9ral soutiendra des dizaines de milliers de nouveaux travailleurs qualifi\u00e9s d\u2019ici 2030, notamment gr\u00e2ce \u00e0 un investissement maximal de 2 milliards de dollars dans des stages r\u00e9mun\u00e9r\u00e9s pour les jeunes et \u00e0 des mesures de soutien accrues pour les employeurs et les apprentis. Ces d\u00e9cisions t\u00e9moignent d\u2019un engagement clair \u00e0 mettre sur pied une main-d\u2019\u0153uvre solide pr\u00eate pour l\u2019avenir.<\/p>\n<p>Alors que le Canada s\u2019emploie \u00e0 rem\u00e9dier aux p\u00e9nuries de main-d\u2019\u0153uvre importantes touchant des secteurs essentiels au logement, aux infrastructures et \u00e0 la croissance \u00e9conomique, il demeure important d\u2019impliquer les jeunes d\u00e8s leur plus jeune \u00e2ge. \u00c0 cet effet, Skills Canada joue un r\u00f4le national de premier plan en faisant d\u00e9couvrir aux jeunes les m\u00e9tiers par l\u2019interm\u00e9diaire d\u2019un apprentissage pratique, de comp\u00e9titions et d\u2019initiatives d\u2019exploration des carri\u00e8res dans chaque province et territoire.<\/p>\n<p>SCC compte poursuivre sa collaboration avec le gouvernement du Canada et ses partenaires dans l\u2019ensemble du pays pour s\u2019assurer qu\u2019un nombre croissant de jeunes Canadiens acqui\u00e8rent les comp\u00e9tences, la confiance et les possibilit\u00e9s n\u00e9cessaires pour r\u00e9ussir dans les m\u00e9tiers.<\/p>\n<p><strong>\u00c0 propos de Skills\/Comp\u00e9tences Canada<\/strong><br \/>\nFond\u00e9e en 1989, Skills\/Comp\u00e9tences Canada (SCC) est une organisation nationale sans but lucratif comptant des organismes partenaires dans chaque province et territoire, qui travaillent avec des employeurs, des enseignants, des groupes syndicaux et des gouvernements \u00e0 la promotion des carri\u00e8res des m\u00e9tiers sp\u00e9cialis\u00e9s et des technologies aupr\u00e8s des jeunes Canadiens. Gr\u00e2ce \u00e0 sa position unique parmi des partenaires des secteurs priv\u00e9 et public, SCC s\u2019emploie \u00e0 r\u00e9pondre aux futurs besoins en main-d\u2019\u0153uvre qualifi\u00e9e du Canada, tout en faisant d\u00e9couvrir des carri\u00e8res gratifiantes aux jeunes. Elle offre aussi des possibilit\u00e9s d\u2019apprentissage exp\u00e9rientiel, notamment des comp\u00e9titions des m\u00e9tiers sp\u00e9cialis\u00e9s et des technologies qui r\u00e9unissent des centaines de milliers de jeunes Canadiens dans le cadre d\u2019\u00e9v\u00e8nements r\u00e9gionaux, provinciaux, territoriaux, nationaux et internationaux, ainsi que des programmes de sensibilisation aux m\u00e9tiers sp\u00e9cialis\u00e9s. Skills\/Comp\u00e9tences Canada, dont le si\u00e8ge social est situ\u00e9 \u00e0 Ottawa (Ontario), est l\u2019organisation canadienne membre de WorldSkills.<\/p>\n<p>Suivez Skills\/Comp\u00e9tences Canada sur <a href=\"https:\/\/x.com\/Skills_Canada\"><strong>X<\/strong><\/a>, <a href=\"https:\/\/www.globenewswire.com\/Tracker?data=gcYsRwe6hU2IxFQ7oGnuS7UE1SZIKjmbzibxMmmu-cKw6VpUBtJH01WvyOkK875mTNzJpK4vUQkO15CDdpDILDP22SI13YQNGHQDmyFBoPA=\"><strong>Facebook<\/strong><\/a>, <a href=\"https:\/\/www.globenewswire.com\/Tracker?data=X3nOlK5CHBxqeaYFcf0hlJWQCXu8Wd8JY9o4BrFtOG4HNGMVHjFhUUy0QjM1hcaw-ygSNVg9ZEcnzBh9GJwQnXOMzZK6H86AiQKVbyamSXPZQlV3KZB9tJw6icP1Pv5p\"><strong>YouTube<\/strong><\/a>, <a href=\"https:\/\/www.globenewswire.com\/Tracker?data=t7VRtnS503EDqxLIcIqP5spsxJb2kbmzMVOcTZkOa2TngfYX0TsxpEz4zEjcSKf8PRwYuqKkaaBZioeueLo2jxtFoxl2N-iTUXW6bjnXPqgPIuIBBiKoUzpF__icF_-h\"><strong>Flickr<\/strong><\/a>, <a href=\"https:\/\/www.globenewswire.com\/Tracker?data=duFB2ZH0zaDWVIBm71cRHifDKxp5bbc3aZk8bhZ6sH4JwAGLeT5gc38rCRleMRU6pX01SNFl7vOZNltWrxDwCJwtw8Zot1_BO2RNEae88QHx6JNcSdTQkfmGf6EXrI55\"><strong>Instagram<\/strong><\/a> et <a href=\"https:\/\/www.linkedin.com\/company\/skills-competences-canada\"><strong>LinkedIn<\/strong><\/a>.<\/p>\n<p><strong>Relations avec les m\u00e9dias : <\/strong>Mich\u00e8le Rogerson, Skills\/Comp\u00e9tences Canada,<a href=\"mailto:micheler@skillscanada.com\"><strong>micheler@skillscanada.com<\/strong><\/a>, t\u00e9l.\u00a0: 613-266-4771.<\/p>\n<p>&nbsp;<\/p>\n","protected":false},"excerpt":{"rendered":"<p>Ottawa, Ontario \u2013 le 30 avril 2026 \u2013 Skills\/Comp\u00e9tences Canada (SCC) se f\u00e9licite des investissements f\u00e9d\u00e9raux qui visent \u00e0 renforcer les parcours des jeunes dans les m\u00e9tiers sp\u00e9cialis\u00e9s, notamment le<\/p>\n","protected":false},"author":3,"featured_media":114084,"comment_status":"closed","ping_status":"closed","sticky":false,"template":"","format":"standard","meta":{"_acf_changed":false,"site-sidebar-layout":"default","site-content-layout":"","ast-site-content-layout":"default","site-content-style":"default","site-sidebar-style":"default","ast-global-header-display":"","ast-banner-title-visibility":"","ast-main-header-display":"","ast-hfb-above-header-display":"","ast-hfb-below-header-display":"","ast-hfb-mobile-header-display":"","site-post-title":"","ast-breadcrumbs-content":"","ast-featured-img":"","footer-sml-layout":"","ast-disable-related-posts":"","theme-transparent-header-meta":"default","adv-header-id-meta":"","stick-header-meta":"default","header-above-stick-meta":"","header-main-stick-meta":"","header-below-stick-meta":"","astra-migrate-meta-layouts":"set","ast-page-background-enabled":"default","ast-page-background-meta":{"desktop":{"background-color":"","background-image":"","background-repeat":"repeat","background-position":"center center","background-size":"auto","background-attachment":"scroll","background-type":"","background-media":"","overlay-type":"","overlay-color":"","overlay-opacity":"","overlay-gradient":""},"tablet":{"background-color":"","background-image":"","background-repeat":"repeat","background-position":"center center","background-size":"auto","background-attachment":"scroll","background-type":"","background-media":"","overlay-type":"","overlay-color":"","overlay-opacity":"","overlay-gradient":""},"mobile":{"background-color":"","background-image":"","background-repeat":"repeat","background-position":"center center","background-size":"auto","background-attachment":"scroll","background-type":"","background-media":"","overlay-type":"","overlay-color":"","overlay-opacity":"","overlay-gradient":""}},"ast-content-background-meta":{"desktop":{"background-color":"var(--ast-global-color-5)","background-image":"","background-repeat":"repeat","background-position":"center center","background-size":"auto","background-attachment":"scroll","background-type":"","background-media":"","overlay-type":"","overlay-color":"","overlay-opacity":"","overlay-gradient":""},"tablet":{"background-color":"var(--ast-global-color-5)","background-image":"","background-repeat":"repeat","background-position":"center center","background-size":"auto","background-attachment":"scroll","background-type":"","background-media":"","overlay-type":"","overlay-color":"","overlay-opacity":"","overlay-gradient":""},"mobile":{"background-color":"var(--ast-global-color-5)","background-image":"","background-repeat":"repeat","background-position":"center center","background-size":"auto","background-attachment":"scroll","background-type":"","background-media":"","overlay-type":"","overlay-color":"","overlay-opacity":"","overlay-gradient":""}},"footnotes":""},"categories":[306],"tags":[],"class_list":["post-114086","post","type-post","status-publish","format-standard","has-post-thumbnail","hentry","category-communiques-de-presse"],"acf":[],"yoast_head":"<!-- This site is optimized with the Yoast SEO plugin v27.4 - https:\/\/yoast.com\/product\/yoast-seo-wordpress\/ -->\n<title>Skills\/Comp\u00e9tences Canada r\u00e9agit aux investissements dans les m\u00e9tiers sp\u00e9cialis\u00e9s pour les jeunes annonc\u00e9s dans la Mise \u00e0 jour \u00e9conomique du printemps - Skills Competences Canada<\/title>\n<meta name=\"robots\" content=\"index, follow, max-snippet:-1, max-image-preview:large, max-video-preview:-1\" \/>\n<link rel=\"canonical\" href=\"https:\/\/www.skillscompetencescanada.com\/fr\/skills-competences-canada-reagit-aux-investissements-dans-les-metiers-specialises-pour-les-jeunes-annonces-dans-la-mise-a-jour-economique-du-printemps\/\" \/>\n<meta name=\"twitter:label1\" content=\"\u00c9crit par\" \/>\n\t<meta name=\"twitter:data1\" content=\"Brad\" \/>\n\t<meta name=\"twitter:label2\" content=\"Dur\u00e9e de lecture estim\u00e9e\" \/>\n\t<meta name=\"twitter:data2\" content=\"3 minutes\" \/>\n<script type=\"application\/ld+json\" class=\"yoast-schema-graph\">{\"@context\":\"https:\\\/\\\/schema.org\",\"@graph\":[{\"@type\":\"Article\",\"@id\":\"https:\\\/\\\/www.skillscompetencescanada.com\\\/fr\\\/skills-competences-canada-reagit-aux-investissements-dans-les-metiers-specialises-pour-les-jeunes-annonces-dans-la-mise-a-jour-economique-du-printemps\\\/#article\",\"isPartOf\":{\"@id\":\"https:\\\/\\\/www.skillscompetencescanada.com\\\/fr\\\/skills-competences-canada-reagit-aux-investissements-dans-les-metiers-specialises-pour-les-jeunes-annonces-dans-la-mise-a-jour-economique-du-printemps\\\/\"},\"author\":{\"name\":\"Brad\",\"@id\":\"https:\\\/\\\/www.skillscompetencescanada.com\\\/fr\\\/#\\\/schema\\\/person\\\/402ff1bab3fa80eafc7429a9d3391033\"},\"headline\":\"Skills\\\/Comp\u00e9tences Canada r\u00e9agit aux investissements dans les m\u00e9tiers sp\u00e9cialis\u00e9s pour les jeunes annonc\u00e9s dans la Mise \u00e0 jour \u00e9conomique du printemps\",\"datePublished\":\"2026-04-30T14:36:39+00:00\",\"mainEntityOfPage\":{\"@id\":\"https:\\\/\\\/www.skillscompetencescanada.com\\\/fr\\\/skills-competences-canada-reagit-aux-investissements-dans-les-metiers-specialises-pour-les-jeunes-annonces-dans-la-mise-a-jour-economique-du-printemps\\\/\"},\"wordCount\":625,\"publisher\":{\"@id\":\"https:\\\/\\\/www.skillscompetencescanada.com\\\/fr\\\/#organization\"},\"image\":{\"@id\":\"https:\\\/\\\/www.skillscompetencescanada.com\\\/fr\\\/skills-competences-canada-reagit-aux-investissements-dans-les-metiers-specialises-pour-les-jeunes-annonces-dans-la-mise-a-jour-economique-du-printemps\\\/#primaryimage\"},\"thumbnailUrl\":\"https:\\\/\\\/www.skillscompetencescanada.com\\\/wp-content\\\/uploads\\\/2026\\\/04\\\/SCC_SES-Photo-scaled.jpg\",\"articleSection\":[\"Communiqu\u00e9s de presse\"],\"inLanguage\":\"fr-FR\"},{\"@type\":\"WebPage\",\"@id\":\"https:\\\/\\\/www.skillscompetencescanada.com\\\/fr\\\/skills-competences-canada-reagit-aux-investissements-dans-les-metiers-specialises-pour-les-jeunes-annonces-dans-la-mise-a-jour-economique-du-printemps\\\/\",\"url\":\"https:\\\/\\\/www.skillscompetencescanada.com\\\/fr\\\/skills-competences-canada-reagit-aux-investissements-dans-les-metiers-specialises-pour-les-jeunes-annonces-dans-la-mise-a-jour-economique-du-printemps\\\/\",\"name\":\"Skills\\\/Comp\u00e9tences Canada r\u00e9agit aux investissements dans les m\u00e9tiers sp\u00e9cialis\u00e9s pour les jeunes annonc\u00e9s dans la Mise \u00e0 jour \u00e9conomique du printemps - Skills Competences Canada\",\"isPartOf\":{\"@id\":\"https:\\\/\\\/www.skillscompetencescanada.com\\\/fr\\\/#website\"},\"primaryImageOfPage\":{\"@id\":\"https:\\\/\\\/www.skillscompetencescanada.com\\\/fr\\\/skills-competences-canada-reagit-aux-investissements-dans-les-metiers-specialises-pour-les-jeunes-annonces-dans-la-mise-a-jour-economique-du-printemps\\\/#primaryimage\"},\"image\":{\"@id\":\"https:\\\/\\\/www.skillscompetencescanada.com\\\/fr\\\/skills-competences-canada-reagit-aux-investissements-dans-les-metiers-specialises-pour-les-jeunes-annonces-dans-la-mise-a-jour-economique-du-printemps\\\/#primaryimage\"},\"thumbnailUrl\":\"https:\\\/\\\/www.skillscompetencescanada.com\\\/wp-content\\\/uploads\\\/2026\\\/04\\\/SCC_SES-Photo-scaled.jpg\",\"datePublished\":\"2026-04-30T14:36:39+00:00\",\"breadcrumb\":{\"@id\":\"https:\\\/\\\/www.skillscompetencescanada.com\\\/fr\\\/skills-competences-canada-reagit-aux-investissements-dans-les-metiers-specialises-pour-les-jeunes-annonces-dans-la-mise-a-jour-economique-du-printemps\\\/#breadcrumb\"},\"inLanguage\":\"fr-FR\",\"potentialAction\":[{\"@type\":\"ReadAction\",\"target\":[\"https:\\\/\\\/www.skillscompetencescanada.com\\\/fr\\\/skills-competences-canada-reagit-aux-investissements-dans-les-metiers-specialises-pour-les-jeunes-annonces-dans-la-mise-a-jour-economique-du-printemps\\\/\"]}]},{\"@type\":\"ImageObject\",\"inLanguage\":\"fr-FR\",\"@id\":\"https:\\\/\\\/www.skillscompetencescanada.com\\\/fr\\\/skills-competences-canada-reagit-aux-investissements-dans-les-metiers-specialises-pour-les-jeunes-annonces-dans-la-mise-a-jour-economique-du-printemps\\\/#primaryimage\",\"url\":\"https:\\\/\\\/www.skillscompetencescanada.com\\\/wp-content\\\/uploads\\\/2026\\\/04\\\/SCC_SES-Photo-scaled.jpg\",\"contentUrl\":\"https:\\\/\\\/www.skillscompetencescanada.com\\\/wp-content\\\/uploads\\\/2026\\\/04\\\/SCC_SES-Photo-scaled.jpg\",\"width\":2560,\"height\":1638},{\"@type\":\"BreadcrumbList\",\"@id\":\"https:\\\/\\\/www.skillscompetencescanada.com\\\/fr\\\/skills-competences-canada-reagit-aux-investissements-dans-les-metiers-specialises-pour-les-jeunes-annonces-dans-la-mise-a-jour-economique-du-printemps\\\/#breadcrumb\",\"itemListElement\":[{\"@type\":\"ListItem\",\"position\":1,\"name\":\"Home\",\"item\":\"https:\\\/\\\/www.skillscompetencescanada.com\\\/fr\\\/\"},{\"@type\":\"ListItem\",\"position\":2,\"name\":\"Skills\\\/Comp\u00e9tences Canada r\u00e9agit aux investissements dans les m\u00e9tiers sp\u00e9cialis\u00e9s pour les jeunes annonc\u00e9s dans la Mise \u00e0 jour \u00e9conomique du printemps\"}]},{\"@type\":\"WebSite\",\"@id\":\"https:\\\/\\\/www.skillscompetencescanada.com\\\/fr\\\/#website\",\"url\":\"https:\\\/\\\/www.skillscompetencescanada.com\\\/fr\\\/\",\"name\":\"Skills Competences Canada\",\"description\":\"\",\"publisher\":{\"@id\":\"https:\\\/\\\/www.skillscompetencescanada.com\\\/fr\\\/#organization\"},\"potentialAction\":[{\"@type\":\"SearchAction\",\"target\":{\"@type\":\"EntryPoint\",\"urlTemplate\":\"https:\\\/\\\/www.skillscompetencescanada.com\\\/fr\\\/?s={search_term_string}\"},\"query-input\":{\"@type\":\"PropertyValueSpecification\",\"valueRequired\":true,\"valueName\":\"search_term_string\"}}],\"inLanguage\":\"fr-FR\"},{\"@type\":\"Organization\",\"@id\":\"https:\\\/\\\/www.skillscompetencescanada.com\\\/fr\\\/#organization\",\"name\":\"skills competences canada\",\"url\":\"https:\\\/\\\/www.skillscompetencescanada.com\\\/fr\\\/\",\"logo\":{\"@type\":\"ImageObject\",\"inLanguage\":\"fr-FR\",\"@id\":\"https:\\\/\\\/www.skillscompetencescanada.com\\\/fr\\\/#\\\/schema\\\/logo\\\/image\\\/\",\"url\":\"http:\\\/\\\/skillscompetencescanada.com\\\/wp-content\\\/uploads\\\/2016\\\/09\\\/avatar-admin-96x96-1.jpg\",\"contentUrl\":\"http:\\\/\\\/skillscompetencescanada.com\\\/wp-content\\\/uploads\\\/2016\\\/09\\\/avatar-admin-96x96-1.jpg\",\"width\":96,\"height\":96,\"caption\":\"skills competences canada\"},\"image\":{\"@id\":\"https:\\\/\\\/www.skillscompetencescanada.com\\\/fr\\\/#\\\/schema\\\/logo\\\/image\\\/\"}},{\"@type\":\"Person\",\"@id\":\"https:\\\/\\\/www.skillscompetencescanada.com\\\/fr\\\/#\\\/schema\\\/person\\\/402ff1bab3fa80eafc7429a9d3391033\",\"name\":\"Brad\",\"url\":\"https:\\\/\\\/www.skillscompetencescanada.com\\\/fr\\\/author\\\/amanda\\\/\"}]}<\/script>\n<!-- \/ Yoast SEO plugin. -->","yoast_head_json":{"title":"Skills\/Comp\u00e9tences Canada r\u00e9agit aux investissements dans les m\u00e9tiers sp\u00e9cialis\u00e9s pour les jeunes annonc\u00e9s dans la Mise \u00e0 jour \u00e9conomique du printemps - Skills Competences Canada","robots":{"index":"index","follow":"follow","max-snippet":"max-snippet:-1","max-image-preview":"max-image-preview:large","max-video-preview":"max-video-preview:-1"},"canonical":"https:\/\/www.skillscompetencescanada.com\/fr\/skills-competences-canada-reagit-aux-investissements-dans-les-metiers-specialises-pour-les-jeunes-annonces-dans-la-mise-a-jour-economique-du-printemps\/","twitter_misc":{"\u00c9crit par":"Brad","Dur\u00e9e de lecture estim\u00e9e":"3 minutes"},"schema":{"@context":"https:\/\/schema.org","@graph":[{"@type":"Article","@id":"https:\/\/www.skillscompetencescanada.com\/fr\/skills-competences-canada-reagit-aux-investissements-dans-les-metiers-specialises-pour-les-jeunes-annonces-dans-la-mise-a-jour-economique-du-printemps\/#article","isPartOf":{"@id":"https:\/\/www.skillscompetencescanada.com\/fr\/skills-competences-canada-reagit-aux-investissements-dans-les-metiers-specialises-pour-les-jeunes-annonces-dans-la-mise-a-jour-economique-du-printemps\/"},"author":{"name":"Brad","@id":"https:\/\/www.skillscompetencescanada.com\/fr\/#\/schema\/person\/402ff1bab3fa80eafc7429a9d3391033"},"headline":"Skills\/Comp\u00e9tences Canada r\u00e9agit aux investissements dans les m\u00e9tiers sp\u00e9cialis\u00e9s pour les jeunes annonc\u00e9s dans la Mise \u00e0 jour \u00e9conomique du printemps","datePublished":"2026-04-30T14:36:39+00:00","mainEntityOfPage":{"@id":"https:\/\/www.skillscompetencescanada.com\/fr\/skills-competences-canada-reagit-aux-investissements-dans-les-metiers-specialises-pour-les-jeunes-annonces-dans-la-mise-a-jour-economique-du-printemps\/"},"wordCount":625,"publisher":{"@id":"https:\/\/www.skillscompetencescanada.com\/fr\/#organization"},"image":{"@id":"https:\/\/www.skillscompetencescanada.com\/fr\/skills-competences-canada-reagit-aux-investissements-dans-les-metiers-specialises-pour-les-jeunes-annonces-dans-la-mise-a-jour-economique-du-printemps\/#primaryimage"},"thumbnailUrl":"https:\/\/www.skillscompetencescanada.com\/wp-content\/uploads\/2026\/04\/SCC_SES-Photo-scaled.jpg","articleSection":["Communiqu\u00e9s de presse"],"inLanguage":"fr-FR"},{"@type":"WebPage","@id":"https:\/\/www.skillscompetencescanada.com\/fr\/skills-competences-canada-reagit-aux-investissements-dans-les-metiers-specialises-pour-les-jeunes-annonces-dans-la-mise-a-jour-economique-du-printemps\/","url":"https:\/\/www.skillscompetencescanada.com\/fr\/skills-competences-canada-reagit-aux-investissements-dans-les-metiers-specialises-pour-les-jeunes-annonces-dans-la-mise-a-jour-economique-du-printemps\/","name":"Skills\/Comp\u00e9tences Canada r\u00e9agit aux investissements dans les m\u00e9tiers sp\u00e9cialis\u00e9s pour les jeunes annonc\u00e9s dans la Mise \u00e0 jour \u00e9conomique du printemps - Skills Competences Canada","isPartOf":{"@id":"https:\/\/www.skillscompetencescanada.com\/fr\/#website"},"primaryImageOfPage":{"@id":"https:\/\/www.skillscompetencescanada.com\/fr\/skills-competences-canada-reagit-aux-investissements-dans-les-metiers-specialises-pour-les-jeunes-annonces-dans-la-mise-a-jour-economique-du-printemps\/#primaryimage"},"image":{"@id":"https:\/\/www.skillscompetencescanada.com\/fr\/skills-competences-canada-reagit-aux-investissements-dans-les-metiers-specialises-pour-les-jeunes-annonces-dans-la-mise-a-jour-economique-du-printemps\/#primaryimage"},"thumbnailUrl":"https:\/\/www.skillscompetencescanada.com\/wp-content\/uploads\/2026\/04\/SCC_SES-Photo-scaled.jpg","datePublished":"2026-04-30T14:36:39+00:00","breadcrumb":{"@id":"https:\/\/www.skillscompetencescanada.com\/fr\/skills-competences-canada-reagit-aux-investissements-dans-les-metiers-specialises-pour-les-jeunes-annonces-dans-la-mise-a-jour-economique-du-printemps\/#breadcrumb"},"inLanguage":"fr-FR","potentialAction":[{"@type":"ReadAction","target":["https:\/\/www.skillscompetencescanada.com\/fr\/skills-competences-canada-reagit-aux-investissements-dans-les-metiers-specialises-pour-les-jeunes-annonces-dans-la-mise-a-jour-economique-du-printemps\/"]}]},{"@type":"ImageObject","inLanguage":"fr-FR","@id":"https:\/\/www.skillscompetencescanada.com\/fr\/skills-competences-canada-reagit-aux-investissements-dans-les-metiers-specialises-pour-les-jeunes-annonces-dans-la-mise-a-jour-economique-du-printemps\/#primaryimage","url":"https:\/\/www.skillscompetencescanada.com\/wp-content\/uploads\/2026\/04\/SCC_SES-Photo-scaled.jpg","contentUrl":"https:\/\/www.skillscompetencescanada.com\/wp-content\/uploads\/2026\/04\/SCC_SES-Photo-scaled.jpg","width":2560,"height":1638},{"@type":"BreadcrumbList","@id":"https:\/\/www.skillscompetencescanada.com\/fr\/skills-competences-canada-reagit-aux-investissements-dans-les-metiers-specialises-pour-les-jeunes-annonces-dans-la-mise-a-jour-economique-du-printemps\/#breadcrumb","itemListElement":[{"@type":"ListItem","position":1,"name":"Home","item":"https:\/\/www.skillscompetencescanada.com\/fr\/"},{"@type":"ListItem","position":2,"name":"Skills\/Comp\u00e9tences Canada r\u00e9agit aux investissements dans les m\u00e9tiers sp\u00e9cialis\u00e9s pour les jeunes annonc\u00e9s dans la Mise \u00e0 jour \u00e9conomique du printemps"}]},{"@type":"WebSite","@id":"https:\/\/www.skillscompetencescanada.com\/fr\/#website","url":"https:\/\/www.skillscompetencescanada.com\/fr\/","name":"Skills Competences Canada","description":"","publisher":{"@id":"https:\/\/www.skillscompetencescanada.com\/fr\/#organization"},"potentialAction":[{"@type":"SearchAction","target":{"@type":"EntryPoint","urlTemplate":"https:\/\/www.skillscompetencescanada.com\/fr\/?s={search_term_string}"},"query-input":{"@type":"PropertyValueSpecification","valueRequired":true,"valueName":"search_term_string"}}],"inLanguage":"fr-FR"},{"@type":"Organization","@id":"https:\/\/www.skillscompetencescanada.com\/fr\/#organization","name":"skills competences canada","url":"https:\/\/www.skillscompetencescanada.com\/fr\/","logo":{"@type":"ImageObject","inLanguage":"fr-FR","@id":"https:\/\/www.skillscompetencescanada.com\/fr\/#\/schema\/logo\/image\/","url":"http:\/\/skillscompetencescanada.com\/wp-content\/uploads\/2016\/09\/avatar-admin-96x96-1.jpg","contentUrl":"http:\/\/skillscompetencescanada.com\/wp-content\/uploads\/2016\/09\/avatar-admin-96x96-1.jpg","width":96,"height":96,"caption":"skills competences canada"},"image":{"@id":"https:\/\/www.skillscompetencescanada.com\/fr\/#\/schema\/logo\/image\/"}},{"@type":"Person","@id":"https:\/\/www.skillscompetencescanada.com\/fr\/#\/schema\/person\/402ff1bab3fa80eafc7429a9d3391033","name":"Brad","url":"https:\/\/www.skillscompetencescanada.com\/fr\/author\/amanda\/"}]}},"_links":{"self":[{"href":"https:\/\/www.skillscompetencescanada.com\/fr\/wp-json\/wp\/v2\/posts\/114086","targetHints":{"allow":["GET"]}}],"collection":[{"href":"https:\/\/www.skillscompetencescanada.com\/fr\/wp-json\/wp\/v2\/posts"}],"about":[{"href":"https:\/\/www.skillscompetencescanada.com\/fr\/wp-json\/wp\/v2\/types\/post"}],"author":[{"embeddable":true,"href":"https:\/\/www.skillscompetencescanada.com\/fr\/wp-json\/wp\/v2\/users\/3"}],"replies":[{"embeddable":true,"href":"https:\/\/www.skillscompetencescanada.com\/fr\/wp-json\/wp\/v2\/comments?post=114086"}],"version-history":[{"count":1,"href":"https:\/\/www.skillscompetencescanada.com\/fr\/wp-json\/wp\/v2\/posts\/114086\/revisions"}],"predecessor-version":[{"id":114087,"href":"https:\/\/www.skillscompetencescanada.com\/fr\/wp-json\/wp\/v2\/posts\/114086\/revisions\/114087"}],"wp:featuredmedia":[{"embeddable":true,"href":"https:\/\/www.skillscompetencescanada.com\/fr\/wp-json\/wp\/v2\/media\/114084"}],"wp:attachment":[{"href":"https:\/\/www.skillscompetencescanada.com\/fr\/wp-json\/wp\/v2\/media?parent=114086"}],"wp:term":[{"taxonomy":"category","embeddable":true,"href":"https:\/\/www.skillscompetencescanada.com\/fr\/wp-json\/wp\/v2\/categories?post=114086"},{"taxonomy":"post_tag","embeddable":true,"href":"https:\/\/www.skillscompetencescanada.com\/fr\/wp-json\/wp\/v2\/tags?post=114086"}],"curies":[{"name":"wp","href":"https:\/\/api.w.org\/{rel}","templated":true}]}}