{"id":115305,"date":"2026-09-04T13:44:18","date_gmt":"2026-09-04T17:44:18","guid":{"rendered":"https:\/\/www.skillscompetencescanada.com\/?p=115305"},"modified":"2026-09-04T13:44:18","modified_gmt":"2026-09-04T17:44:18","slug":"ctv-news-ce-montrealais-de-22-ans-representera-le-canada-lors-dun-concoursde-maconnerie","status":"publish","type":"post","link":"https:\/\/www.skillscompetencescanada.com\/fr\/ctv-news-ce-montrealais-de-22-ans-representera-le-canada-lors-dun-concoursde-maconnerie\/","title":{"rendered":"CTV News : Ce Montr\u00e9alais de 22 ans repr\u00e9sentera le Canada lors d\u2019un concoursde ma\u00e7onnerie"},"content":{"rendered":"<p><span data-contrast=\"auto\">Maximilian De Belle Holowka, membre d&rsquo;\u00c9quipe Canada WorldSkills 2026 en Ma\u00e7onnerie, a \u00e9t\u00e9 interview\u00e9 par CTV News \u00e0 Montr\u00e9al. Il y parle de son parcours dans son m\u00e9tier, de la comp\u00e9tition et de son enthousiasme pour le Mondial des m\u00e9tiers \u00e0 Shanghai.<\/span><\/p>\n<p><span data-contrast=\"none\">\u00a0<\/span><a href=\"https:\/\/www.ctvnews.ca\/montreal\/article\/this-22-year-old-montrealer-is-representing-canada-in-a-brick-layering-competition\/\"><span data-contrast=\"none\">https:\/\/www.ctvnews.ca\/montreal\/article\/this-22-year-old-montrealer-is-representing-canada-in-a-brick-layering-competition\/<\/span><\/a><span data-ccp-props=\"{&quot;201341983&quot;:0,&quot;335559740&quot;:240}\">\u00a0<\/span><\/p>\n<p><span data-contrast=\"auto\">*Cet article est\u00a0en\u00a0anglais\u00a0seulement.\u00a0<\/span><span data-ccp-props=\"{&quot;201341983&quot;:0,&quot;335559740&quot;:240}\">\u00a0<\/span><\/p>\n","protected":false},"excerpt":{"rendered":"<p>Maximilian De Belle Holowka, membre d&rsquo;\u00c9quipe Canada WorldSkills 2026 en Ma\u00e7onnerie, a \u00e9t\u00e9 interview\u00e9 par CTV News \u00e0 Montr\u00e9al. Il y parle de son parcours dans son m\u00e9tier, de la<\/p>\n","protected":false},"author":3,"featured_media":115301,"comment_status":"closed","ping_status":"closed","sticky":false,"template":"","format":"standard","meta":{"_acf_changed":false,"site-sidebar-layout":"default","site-content-layout":"","ast-site-content-layout":"default","site-content-style":"default","site-sidebar-style":"default","ast-global-header-display":"","ast-banner-title-visibility":"","ast-main-header-display":"","ast-hfb-above-header-display":"","ast-hfb-below-header-display":"","ast-hfb-mobile-header-display":"","site-post-title":"","ast-breadcrumbs-content":"","ast-featured-img":"","footer-sml-layout":"","ast-disable-related-posts":"","theme-transparent-header-meta":"default","adv-header-id-meta":"","stick-header-meta":"default","header-above-stick-meta":"","header-main-stick-meta":"","header-below-stick-meta":"","astra-migrate-meta-layouts":"set","ast-page-background-enabled":"default","ast-page-background-meta":{"desktop":{"background-color":"","background-image":"","background-repeat":"repeat","background-position":"center center","background-size":"auto","background-attachment":"scroll","background-type":"","background-media":"","overlay-type":"","overlay-color":"","overlay-opacity":"","overlay-gradient":""},"tablet":{"background-color":"","background-image":"","background-repeat":"repeat","background-position":"center center","background-size":"auto","background-attachment":"scroll","background-type":"","background-media":"","overlay-type":"","overlay-color":"","overlay-opacity":"","overlay-gradient":""},"mobile":{"background-color":"","background-image":"","background-repeat":"repeat","background-position":"center center","background-size":"auto","background-attachment":"scroll","background-type":"","background-media":"","overlay-type":"","overlay-color":"","overlay-opacity":"","overlay-gradient":""}},"ast-content-background-meta":{"desktop":{"background-color":"var(--ast-global-color-5)","background-image":"","background-repeat":"repeat","background-position":"center center","background-size":"auto","background-attachment":"scroll","background-type":"","background-media":"","overlay-type":"","overlay-color":"","overlay-opacity":"","overlay-gradient":""},"tablet":{"background-color":"var(--ast-global-color-5)","background-image":"","background-repeat":"repeat","background-position":"center center","background-size":"auto","background-attachment":"scroll","background-type":"","background-media":"","overlay-type":"","overlay-color":"","overlay-opacity":"","overlay-gradient":""},"mobile":{"background-color":"var(--ast-global-color-5)","background-image":"","background-repeat":"repeat","background-position":"center center","background-size":"auto","background-attachment":"scroll","background-type":"","background-media":"","overlay-type":"","overlay-color":"","overlay-opacity":"","overlay-gradient":""}},"footnotes":""},"categories":[64],"tags":[],"class_list":["post-115305","post","type-post","status-publish","format-standard","has-post-thumbnail","hentry","category-nouvelles-competences"],"acf":[],"yoast_head":"<!-- This site is optimized with the Yoast SEO plugin v28.3 - https:\/\/yoast.com\/product\/yoast-seo-wordpress\/ -->\n<title>CTV News : Ce Montr\u00e9alais de 22 ans repr\u00e9sentera le Canada lors d\u2019un concoursde ma\u00e7onnerie - Skills Competences Canada<\/title>\n<meta name=\"robots\" content=\"index, follow, max-snippet:-1, max-image-preview:large, max-video-preview:-1\" \/>\n<link rel=\"canonical\" href=\"https:\/\/www.skillscompetencescanada.com\/fr\/ctv-news-ce-montrealais-de-22-ans-representera-le-canada-lors-dun-concoursde-maconnerie\/\" \/>\n<meta name=\"twitter:label1\" content=\"\u00c9crit par\" \/>\n\t<meta name=\"twitter:data1\" content=\"Brad\" \/>\n<script type=\"application\/ld+json\" class=\"yoast-schema-graph\">{\"@context\":\"https:\\\/\\\/schema.org\",\"@graph\":[{\"@type\":\"Article\",\"@id\":\"https:\\\/\\\/www.skillscompetencescanada.com\\\/fr\\\/ctv-news-ce-montrealais-de-22-ans-representera-le-canada-lors-dun-concoursde-maconnerie\\\/#article\",\"isPartOf\":{\"@id\":\"https:\\\/\\\/www.skillscompetencescanada.com\\\/fr\\\/ctv-news-ce-montrealais-de-22-ans-representera-le-canada-lors-dun-concoursde-maconnerie\\\/\"},\"author\":{\"name\":\"Brad\",\"@id\":\"https:\\\/\\\/www.skillscompetencescanada.com\\\/fr\\\/#\\\/schema\\\/person\\\/6a5bedc59bfc984e9461eeccf88555c8\"},\"headline\":\"CTV News : Ce Montr\u00e9alais de 22 ans repr\u00e9sentera le Canada lors d\u2019un concoursde ma\u00e7onnerie\",\"datePublished\":\"2026-09-04T17:44:18+00:00\",\"mainEntityOfPage\":{\"@id\":\"https:\\\/\\\/www.skillscompetencescanada.com\\\/fr\\\/ctv-news-ce-montrealais-de-22-ans-representera-le-canada-lors-dun-concoursde-maconnerie\\\/\"},\"wordCount\":76,\"publisher\":{\"@id\":\"https:\\\/\\\/www.skillscompetencescanada.com\\\/fr\\\/#organization\"},\"image\":{\"@id\":\"https:\\\/\\\/www.skillscompetencescanada.com\\\/fr\\\/ctv-news-ce-montrealais-de-22-ans-representera-le-canada-lors-dun-concoursde-maconnerie\\\/#primaryimage\"},\"thumbnailUrl\":\"https:\\\/\\\/www.skillscompetencescanada.com\\\/wp-content\\\/uploads\\\/2026\\\/09\\\/Screenshot-2026-09-04-at-1.31.05-PM.png\",\"articleSection\":[\"Nouvelles comp\u00e9tences\"],\"inLanguage\":\"fr-FR\"},{\"@type\":\"WebPage\",\"@id\":\"https:\\\/\\\/www.skillscompetencescanada.com\\\/fr\\\/ctv-news-ce-montrealais-de-22-ans-representera-le-canada-lors-dun-concoursde-maconnerie\\\/\",\"url\":\"https:\\\/\\\/www.skillscompetencescanada.com\\\/fr\\\/ctv-news-ce-montrealais-de-22-ans-representera-le-canada-lors-dun-concoursde-maconnerie\\\/\",\"name\":\"CTV News : Ce Montr\u00e9alais de 22 ans repr\u00e9sentera le Canada lors d\u2019un concoursde ma\u00e7onnerie - Skills Competences Canada\",\"isPartOf\":{\"@id\":\"https:\\\/\\\/www.skillscompetencescanada.com\\\/fr\\\/#website\"},\"primaryImageOfPage\":{\"@id\":\"https:\\\/\\\/www.skillscompetencescanada.com\\\/fr\\\/ctv-news-ce-montrealais-de-22-ans-representera-le-canada-lors-dun-concoursde-maconnerie\\\/#primaryimage\"},\"image\":{\"@id\":\"https:\\\/\\\/www.skillscompetencescanada.com\\\/fr\\\/ctv-news-ce-montrealais-de-22-ans-representera-le-canada-lors-dun-concoursde-maconnerie\\\/#primaryimage\"},\"thumbnailUrl\":\"https:\\\/\\\/www.skillscompetencescanada.com\\\/wp-content\\\/uploads\\\/2026\\\/09\\\/Screenshot-2026-09-04-at-1.31.05-PM.png\",\"datePublished\":\"2026-09-04T17:44:18+00:00\",\"breadcrumb\":{\"@id\":\"https:\\\/\\\/www.skillscompetencescanada.com\\\/fr\\\/ctv-news-ce-montrealais-de-22-ans-representera-le-canada-lors-dun-concoursde-maconnerie\\\/#breadcrumb\"},\"inLanguage\":\"fr-FR\",\"potentialAction\":[{\"@type\":\"ReadAction\",\"target\":[\"https:\\\/\\\/www.skillscompetencescanada.com\\\/fr\\\/ctv-news-ce-montrealais-de-22-ans-representera-le-canada-lors-dun-concoursde-maconnerie\\\/\"]}]},{\"@type\":\"ImageObject\",\"inLanguage\":\"fr-FR\",\"@id\":\"https:\\\/\\\/www.skillscompetencescanada.com\\\/fr\\\/ctv-news-ce-montrealais-de-22-ans-representera-le-canada-lors-dun-concoursde-maconnerie\\\/#primaryimage\",\"url\":\"https:\\\/\\\/www.skillscompetencescanada.com\\\/wp-content\\\/uploads\\\/2026\\\/09\\\/Screenshot-2026-09-04-at-1.31.05-PM.png\",\"contentUrl\":\"https:\\\/\\\/www.skillscompetencescanada.com\\\/wp-content\\\/uploads\\\/2026\\\/09\\\/Screenshot-2026-09-04-at-1.31.05-PM.png\",\"width\":2198,\"height\":1256},{\"@type\":\"BreadcrumbList\",\"@id\":\"https:\\\/\\\/www.skillscompetencescanada.com\\\/fr\\\/ctv-news-ce-montrealais-de-22-ans-representera-le-canada-lors-dun-concoursde-maconnerie\\\/#breadcrumb\",\"itemListElement\":[{\"@type\":\"ListItem\",\"position\":1,\"name\":\"Home\",\"item\":\"https:\\\/\\\/www.skillscompetencescanada.com\\\/fr\\\/\"},{\"@type\":\"ListItem\",\"position\":2,\"name\":\"CTV News : Ce Montr\u00e9alais de 22 ans repr\u00e9sentera le Canada lors d\u2019un concoursde ma\u00e7onnerie\"}]},{\"@type\":\"WebSite\",\"@id\":\"https:\\\/\\\/www.skillscompetencescanada.com\\\/fr\\\/#website\",\"url\":\"https:\\\/\\\/www.skillscompetencescanada.com\\\/fr\\\/\",\"name\":\"Skills Competences Canada\",\"description\":\"\",\"publisher\":{\"@id\":\"https:\\\/\\\/www.skillscompetencescanada.com\\\/fr\\\/#organization\"},\"potentialAction\":[{\"@type\":\"SearchAction\",\"target\":{\"@type\":\"EntryPoint\",\"urlTemplate\":\"https:\\\/\\\/www.skillscompetencescanada.com\\\/fr\\\/?s={search_term_string}\"},\"query-input\":{\"@type\":\"PropertyValueSpecification\",\"valueRequired\":true,\"valueName\":\"search_term_string\"}}],\"inLanguage\":\"fr-FR\"},{\"@type\":\"Organization\",\"@id\":\"https:\\\/\\\/www.skillscompetencescanada.com\\\/fr\\\/#organization\",\"name\":\"skills competences canada\",\"url\":\"https:\\\/\\\/www.skillscompetencescanada.com\\\/fr\\\/\",\"logo\":{\"@type\":\"ImageObject\",\"inLanguage\":\"fr-FR\",\"@id\":\"https:\\\/\\\/www.skillscompetencescanada.com\\\/fr\\\/#\\\/schema\\\/logo\\\/image\\\/\",\"url\":\"http:\\\/\\\/skillscompetencescanada.com\\\/wp-content\\\/uploads\\\/2016\\\/09\\\/avatar-admin-96x96-1.jpg\",\"contentUrl\":\"http:\\\/\\\/skillscompetencescanada.com\\\/wp-content\\\/uploads\\\/2016\\\/09\\\/avatar-admin-96x96-1.jpg\",\"width\":96,\"height\":96,\"caption\":\"skills competences canada\"},\"image\":{\"@id\":\"https:\\\/\\\/www.skillscompetencescanada.com\\\/fr\\\/#\\\/schema\\\/logo\\\/image\\\/\"}},{\"@type\":\"Person\",\"@id\":\"https:\\\/\\\/www.skillscompetencescanada.com\\\/fr\\\/#\\\/schema\\\/person\\\/6a5bedc59bfc984e9461eeccf88555c8\",\"name\":\"Brad\",\"url\":\"https:\\\/\\\/www.skillscompetencescanada.com\\\/fr\\\/author\\\/amanda\\\/\"}]}<\/script>\n<!-- \/ Yoast SEO plugin. -->","yoast_head_json":{"title":"CTV News : Ce Montr\u00e9alais de 22 ans repr\u00e9sentera le Canada lors d\u2019un concoursde ma\u00e7onnerie - Skills Competences Canada","robots":{"index":"index","follow":"follow","max-snippet":"max-snippet:-1","max-image-preview":"max-image-preview:large","max-video-preview":"max-video-preview:-1"},"canonical":"https:\/\/www.skillscompetencescanada.com\/fr\/ctv-news-ce-montrealais-de-22-ans-representera-le-canada-lors-dun-concoursde-maconnerie\/","twitter_misc":{"\u00c9crit par":"Brad"},"schema":{"@context":"https:\/\/schema.org","@graph":[{"@type":"Article","@id":"https:\/\/www.skillscompetencescanada.com\/fr\/ctv-news-ce-montrealais-de-22-ans-representera-le-canada-lors-dun-concoursde-maconnerie\/#article","isPartOf":{"@id":"https:\/\/www.skillscompetencescanada.com\/fr\/ctv-news-ce-montrealais-de-22-ans-representera-le-canada-lors-dun-concoursde-maconnerie\/"},"author":{"name":"Brad","@id":"https:\/\/www.skillscompetencescanada.com\/fr\/#\/schema\/person\/6a5bedc59bfc984e9461eeccf88555c8"},"headline":"CTV News : Ce Montr\u00e9alais de 22 ans repr\u00e9sentera le Canada lors d\u2019un concoursde ma\u00e7onnerie","datePublished":"2026-09-04T17:44:18+00:00","mainEntityOfPage":{"@id":"https:\/\/www.skillscompetencescanada.com\/fr\/ctv-news-ce-montrealais-de-22-ans-representera-le-canada-lors-dun-concoursde-maconnerie\/"},"wordCount":76,"publisher":{"@id":"https:\/\/www.skillscompetencescanada.com\/fr\/#organization"},"image":{"@id":"https:\/\/www.skillscompetencescanada.com\/fr\/ctv-news-ce-montrealais-de-22-ans-representera-le-canada-lors-dun-concoursde-maconnerie\/#primaryimage"},"thumbnailUrl":"https:\/\/www.skillscompetencescanada.com\/wp-content\/uploads\/2026\/09\/Screenshot-2026-09-04-at-1.31.05-PM.png","articleSection":["Nouvelles comp\u00e9tences"],"inLanguage":"fr-FR"},{"@type":"WebPage","@id":"https:\/\/www.skillscompetencescanada.com\/fr\/ctv-news-ce-montrealais-de-22-ans-representera-le-canada-lors-dun-concoursde-maconnerie\/","url":"https:\/\/www.skillscompetencescanada.com\/fr\/ctv-news-ce-montrealais-de-22-ans-representera-le-canada-lors-dun-concoursde-maconnerie\/","name":"CTV News : Ce Montr\u00e9alais de 22 ans repr\u00e9sentera le Canada lors d\u2019un concoursde ma\u00e7onnerie - Skills Competences Canada","isPartOf":{"@id":"https:\/\/www.skillscompetencescanada.com\/fr\/#website"},"primaryImageOfPage":{"@id":"https:\/\/www.skillscompetencescanada.com\/fr\/ctv-news-ce-montrealais-de-22-ans-representera-le-canada-lors-dun-concoursde-maconnerie\/#primaryimage"},"image":{"@id":"https:\/\/www.skillscompetencescanada.com\/fr\/ctv-news-ce-montrealais-de-22-ans-representera-le-canada-lors-dun-concoursde-maconnerie\/#primaryimage"},"thumbnailUrl":"https:\/\/www.skillscompetencescanada.com\/wp-content\/uploads\/2026\/09\/Screenshot-2026-09-04-at-1.31.05-PM.png","datePublished":"2026-09-04T17:44:18+00:00","breadcrumb":{"@id":"https:\/\/www.skillscompetencescanada.com\/fr\/ctv-news-ce-montrealais-de-22-ans-representera-le-canada-lors-dun-concoursde-maconnerie\/#breadcrumb"},"inLanguage":"fr-FR","potentialAction":[{"@type":"ReadAction","target":["https:\/\/www.skillscompetencescanada.com\/fr\/ctv-news-ce-montrealais-de-22-ans-representera-le-canada-lors-dun-concoursde-maconnerie\/"]}]},{"@type":"ImageObject","inLanguage":"fr-FR","@id":"https:\/\/www.skillscompetencescanada.com\/fr\/ctv-news-ce-montrealais-de-22-ans-representera-le-canada-lors-dun-concoursde-maconnerie\/#primaryimage","url":"https:\/\/www.skillscompetencescanada.com\/wp-content\/uploads\/2026\/09\/Screenshot-2026-09-04-at-1.31.05-PM.png","contentUrl":"https:\/\/www.skillscompetencescanada.com\/wp-content\/uploads\/2026\/09\/Screenshot-2026-09-04-at-1.31.05-PM.png","width":2198,"height":1256},{"@type":"BreadcrumbList","@id":"https:\/\/www.skillscompetencescanada.com\/fr\/ctv-news-ce-montrealais-de-22-ans-representera-le-canada-lors-dun-concoursde-maconnerie\/#breadcrumb","itemListElement":[{"@type":"ListItem","position":1,"name":"Home","item":"https:\/\/www.skillscompetencescanada.com\/fr\/"},{"@type":"ListItem","position":2,"name":"CTV News : Ce Montr\u00e9alais de 22 ans repr\u00e9sentera le Canada lors d\u2019un concoursde ma\u00e7onnerie"}]},{"@type":"WebSite","@id":"https:\/\/www.skillscompetencescanada.com\/fr\/#website","url":"https:\/\/www.skillscompetencescanada.com\/fr\/","name":"Skills Competences Canada","description":"","publisher":{"@id":"https:\/\/www.skillscompetencescanada.com\/fr\/#organization"},"potentialAction":[{"@type":"SearchAction","target":{"@type":"EntryPoint","urlTemplate":"https:\/\/www.skillscompetencescanada.com\/fr\/?s={search_term_string}"},"query-input":{"@type":"PropertyValueSpecification","valueRequired":true,"valueName":"search_term_string"}}],"inLanguage":"fr-FR"},{"@type":"Organization","@id":"https:\/\/www.skillscompetencescanada.com\/fr\/#organization","name":"skills competences canada","url":"https:\/\/www.skillscompetencescanada.com\/fr\/","logo":{"@type":"ImageObject","inLanguage":"fr-FR","@id":"https:\/\/www.skillscompetencescanada.com\/fr\/#\/schema\/logo\/image\/","url":"http:\/\/skillscompetencescanada.com\/wp-content\/uploads\/2016\/09\/avatar-admin-96x96-1.jpg","contentUrl":"http:\/\/skillscompetencescanada.com\/wp-content\/uploads\/2016\/09\/avatar-admin-96x96-1.jpg","width":96,"height":96,"caption":"skills competences canada"},"image":{"@id":"https:\/\/www.skillscompetencescanada.com\/fr\/#\/schema\/logo\/image\/"}},{"@type":"Person","@id":"https:\/\/www.skillscompetencescanada.com\/fr\/#\/schema\/person\/6a5bedc59bfc984e9461eeccf88555c8","name":"Brad","url":"https:\/\/www.skillscompetencescanada.com\/fr\/author\/amanda\/"}]}},"_links":{"self":[{"href":"https:\/\/www.skillscompetencescanada.com\/fr\/wp-json\/wp\/v2\/posts\/115305","targetHints":{"allow":["GET"]}}],"collection":[{"href":"https:\/\/www.skillscompetencescanada.com\/fr\/wp-json\/wp\/v2\/posts"}],"about":[{"href":"https:\/\/www.skillscompetencescanada.com\/fr\/wp-json\/wp\/v2\/types\/post"}],"author":[{"embeddable":true,"href":"https:\/\/www.skillscompetencescanada.com\/fr\/wp-json\/wp\/v2\/users\/3"}],"replies":[{"embeddable":true,"href":"https:\/\/www.skillscompetencescanada.com\/fr\/wp-json\/wp\/v2\/comments?post=115305"}],"version-history":[{"count":1,"href":"https:\/\/www.skillscompetencescanada.com\/fr\/wp-json\/wp\/v2\/posts\/115305\/revisions"}],"predecessor-version":[{"id":115306,"href":"https:\/\/www.skillscompetencescanada.com\/fr\/wp-json\/wp\/v2\/posts\/115305\/revisions\/115306"}],"wp:featuredmedia":[{"embeddable":true,"href":"https:\/\/www.skillscompetencescanada.com\/fr\/wp-json\/wp\/v2\/media\/115301"}],"wp:attachment":[{"href":"https:\/\/www.skillscompetencescanada.com\/fr\/wp-json\/wp\/v2\/media?parent=115305"}],"wp:term":[{"taxonomy":"category","embeddable":true,"href":"https:\/\/www.skillscompetencescanada.com\/fr\/wp-json\/wp\/v2\/categories?post=115305"},{"taxonomy":"post_tag","embeddable":true,"href":"https:\/\/www.skillscompetencescanada.com\/fr\/wp-json\/wp\/v2\/tags?post=115305"}],"curies":[{"name":"wp","href":"https:\/\/api.w.org\/{rel}","templated":true}]}}