{"id":2102,"date":"2016-10-19T10:20:33","date_gmt":"2016-10-19T14:20:33","guid":{"rendered":"http:\/\/skillsdev.ifpt.org\/?p=2102"},"modified":"2016-10-19T10:20:33","modified_gmt":"2016-10-19T14:20:33","slug":"la-semaine-nationale-des-metiers-specialises-et-des-technologies-celebre-lhistoire-et-limportance-des-metiers-au-canada","status":"publish","type":"post","link":"https:\/\/www.skillscompetencescanada.com\/fr\/la-semaine-nationale-des-metiers-specialises-et-des-technologies-celebre-lhistoire-et-limportance-des-metiers-au-canada\/","title":{"rendered":"La Semaine nationale des m\u00e9tiers sp\u00e9cialis\u00e9s et des technologies c\u00e9l\u00e8bre l\u2019histoire et l\u2019importance des m\u00e9tiers au Canada"},"content":{"rendered":"<p align=\"center\"><strong><em>Une r\u00e9cente enqu\u00eate r\u00e9v\u00e8le que la majorit\u00e9 des Canadiens (83 %) jugent que les travailleurs et les travailleuses qualifi\u00e9s jouent un r\u00f4le important dans leur quotidien.<\/em><\/strong><\/p>\n<p><strong>Ottawa (Ontario) \u2013 6 novembre 2012 \u2013<\/strong> Skills\/Comp\u00e9tences Canada (SCC), organisme national sans but lucratif qui fait la promotion des perspectives de carri\u00e8re dans les m\u00e9tiers sp\u00e9cialis\u00e9s, a proc\u00e9d\u00e9 aujourd\u2019hui au lancement officiel de la Semaine nationale des m\u00e9tiers sp\u00e9cialis\u00e9s et des technologies 2012, au Mus\u00e9e canadien des civilisations, \u00e0 Gatineau, au Qu\u00e9bec. Par cette Semaine, on vise \u00e0 mettre en relief la p\u00e9nurie de main-d\u2019\u0153uvre sp\u00e9cialis\u00e9e dans divers m\u00e9tiers sp\u00e9cialis\u00e9s et technologies ainsi que les possibilit\u00e9s de carri\u00e8re exceptionnelles qui s\u2019offrent aux jeunes dans ces domaines. Skills\/Comp\u00e9tences Canada et ses organismes membres de par le pays tiendront des activit\u00e9s interactives \u00e0 l\u2019intention des \u00e9tudiants et des \u00e9tudiantes.<em>\u00a0<\/em><\/p>\n<p>Pr\u00e9sente au lancement, madame Diane Finley, ministre des Ressources humaines et du D\u00e9veloppement des comp\u00e9tences, a r\u00e9it\u00e9r\u00e9 l\u2019engagement du gouvernement \u00e0 l\u2019\u00e9gard des m\u00e9tiers sp\u00e9cialis\u00e9s\u00a0:<\/p>\n<p>\u00ab\u00a0Il est, plus que jamais, important que les jeunes acqui\u00e8rent les comp\u00e9tences et l\u2019exp\u00e9rience qui les pr\u00e9pareront avec succ\u00e8s aux emplois de demain. C\u2019est au moyen de subventions, de cr\u00e9dits d\u2019imp\u00f4t et d\u2019appuis aux programmes de formation que notre gouvernement encourage l\u2019apprentissage ainsi que les carri\u00e8res dans les m\u00e9tiers et les technologies.\u00a0\u00bb<\/p>\n<p>La Semaine nationale des m\u00e9tiers sp\u00e9cialis\u00e9s et des technologies 2012, qui a pour th\u00e8me l\u2019histoire et l\u2019importance des m\u00e9tiers sp\u00e9cialis\u00e9s au Canada, cherche \u00e0 mettre en lumi\u00e8re le r\u00f4le d\u00e9terminant qu\u2019ont jou\u00e9 les travailleurs et les travailleuses qualifi\u00e9s dans la construction et l\u2019\u00e9volution du pays.<\/p>\n<p>\u00ab\u00a0L\u2019infrastructure de notre pays a \u00e9t\u00e9 construite par des gens de m\u00e9tiers, et souvent, on oublie leur grande contribution \u00e0 une multitude de choses qu\u2019on tient pour acquis, comme l\u2019\u00e9lectricit\u00e9, les r\u00e9seaux de communication, l\u2019eau courante et les divers moyens de transport\u00a0\u00bb, a d\u00e9clar\u00e9 Shaun Thorson, chef de la direction de Skills\/Comp\u00e9tences Canada. \u00ab\u00a0La Semaine des m\u00e9tiers sp\u00e9cialis\u00e9s et des technologies permet de mettre en relief non seulement les possibilit\u00e9s de carri\u00e8re qu\u2019offrent ces domaines, mais aussi les besoins de l\u2019industrie, tout en encourageant les jeunes \u00e0 acqu\u00e9rir une formation sp\u00e9cialis\u00e9e.\u00a0\u00bb<\/p>\n<p>Selon le Conference Board of Canada, le pays conna\u00eetra une p\u00e9nurie de plus de un million de travailleurs qualifi\u00e9s d\u2019ici \u00e0 2020, et environ 40\u00a0% des nouveaux emplois seront dans les secteurs des m\u00e9tiers sp\u00e9cialis\u00e9s et des technologies.<\/p>\n<p><strong>Les travailleurs et les travailleuses qualifi\u00e9s\u00a0: des gens sur lesquels on d\u00e9pend au quotidien.<\/strong><\/p>\n<p>Une r\u00e9cente enqu\u00eate r\u00e9alis\u00e9e par Harris\/Decima, dont les r\u00e9sultats ont \u00e9t\u00e9 r\u00e9v\u00e9l\u00e9s aujourd\u2019hui par Skills\/Comp\u00e9tences Canada, montre \u00e0 quel point les gens d\u00e9pendent des m\u00e9tiers sp\u00e9cialis\u00e9s dans le cadre de leurs activit\u00e9s quotidiennes. En effet, ce sont les travailleuses et les travailleurs dans des centaines d\u2019occupations sp\u00e9cialis\u00e9es au pays qui, par exemple, veillent \u00e0 assurer l\u2019eau courante, au bon fonctionnement des voitures, au maintien de l\u2019\u00e9lectricit\u00e9 dans les foyers et \u00e0 l\u2019installation de toitures sans fuite, et ces emplois sont reli\u00e9s \u00e0 de multiples secteurs d\u2019activit\u00e9s.<\/p>\n<p>Pr\u00e8s de la totalit\u00e9 des r\u00e9pondants ont d\u00e9clar\u00e9 avoir eu recours aux services d\u2019un travailleur ou d\u2019une travailleuse qualifi\u00e9 au moins une fois dans les derniers mois\u00a0:<\/p>\n<ul>\n<li>72 % ont fait r\u00e9parer leur v\u00e9hicule ou fait faire une mise au point<\/li>\n<li>91 % ont pris un repas au restaurant<\/li>\n<li>69 % ont eu recours aux services d\u2019une coiffeuse, d\u2019un barbier ou d\u2019une esth\u00e9ticienne<\/li>\n<\/ul>\n<p>L\u2019enqu\u00eate a \u00e9t\u00e9 r\u00e9alis\u00e9e aupr\u00e8s de 1\u00a0003 Canadiens et Canadiennes, du 2 au 4\u00a0novembre 2012 par Harris\/Decima, par le truchement de t\u00e9l\u00e9Vox, sondage t\u00e9l\u00e9phonique omnibus national de la soci\u00e9t\u00e9. La marge d\u2019erreur pour l\u2019ensemble des r\u00e9sultats se situe aux alentours de 3,1\u00a0%, 19 fois sur 20.<\/p>\n<p><strong>Au sujet de Skills\/Comp\u00e9tences Canada<\/strong><\/p>\n<p>Fond\u00e9 en 1989, Skills\/Comp\u00e9tences Canada est un organisme national sans but lucratif qui, de concert avec les employeurs, les \u00e9ducateurs, les organisations de travailleurs et les gouvernements, fait la promotion aupr\u00e8s des jeunes Canadiens et Canadiennes des perspectives de carri\u00e8re dans les m\u00e9tiers sp\u00e9cialis\u00e9s et les technologies. Gr\u00e2ce aux liens uniques qu\u2019il entretient avec des partenaires des secteurs priv\u00e9 et public, SCC est en mesure de contribuer \u00e0 combler les besoins futurs du Canada en main-d\u2019\u0153uvre qualifi\u00e9e tout en permettant aux jeunes et aux futurs apprentis de d\u00e9couvrir des carri\u00e8res gratifiantes. Skills\/Comp\u00e9tences Canada offre \u00e0 des centaines de milliers de jeunes des occasions d\u2019apprentissage exp\u00e9rientiel, dont des concours de comp\u00e9tences r\u00e9gionaux, provinciaux et territoriaux, nationaux et internationaux, ainsi que des activit\u00e9s de sensibilisation aux m\u00e9tiers sp\u00e9cialis\u00e9s. Nombre de ses programmes mettent en relief les comp\u00e9tences, notamment en informatique, qui sont essentielles aux occupations d\u2019aujourd\u2019hui. Le bureau national de Skills\/Comp\u00e9tences Canada, repr\u00e9sentant officiel du pays au sein de WorldSkills International, est situ\u00e9 \u00e0 Ottawa, en Ontario. Pour d\u2019autres renseignements au sujet de Skills\/Comp\u00e9tences Canada, visitez <a href=\"http:\/\/www.competencescanada.com\">www.competencescanada.com<\/a> ou appelez au 877-754-5226.<\/p>\n<p>Vous pouvez suivre Skills\/Comp\u00e9tences Canada sur Twitter,\u00a0Facebook,\u00a0YouTube\u00a0et\u00a0Flickr.<\/p>\n<p align=\"center\">-30-<\/p>\n<p><strong>Avis aux r\u00e9dacteurs en chef\u00a0:<\/strong> Des photos et des vid\u00e9os \u00e0 haute r\u00e9solution seront fournies sur demande.<\/p>\n<p>&nbsp;<\/p>\n<p><strong>Personne-ressource pour les m\u00e9dias\u00a0: <\/strong><\/p>\n<p>Caroline McGrath<\/p>\n<p>CMM Communications Group (pour Skills\/Comp\u00e9tences Canada)<\/p>\n<p>416-972-1642 ou 416-357 -2702<\/p>\n<p><a href=\"mailto:caroline@cmm-communications.com\">caroline@cmm-communications.com<\/a><\/p>\n","protected":false},"excerpt":{"rendered":"<p>Une r\u00e9cente enqu\u00eate r\u00e9v\u00e8le que la majorit\u00e9 des Canadiens (83 %) jugent que les travailleurs et les travailleuses qualifi\u00e9s jouent un r\u00f4le important dans leur quotidien. Ottawa (Ontario) \u2013 6<\/p>\n","protected":false},"author":1,"featured_media":77775,"comment_status":"closed","ping_status":"closed","sticky":false,"template":"","format":"standard","meta":{"_acf_changed":false,"site-sidebar-layout":"default","site-content-layout":"","ast-site-content-layout":"default","site-content-style":"default","site-sidebar-style":"default","ast-global-header-display":"","ast-banner-title-visibility":"","ast-main-header-display":"","ast-hfb-above-header-display":"","ast-hfb-below-header-display":"","ast-hfb-mobile-header-display":"","site-post-title":"","ast-breadcrumbs-content":"","ast-featured-img":"","footer-sml-layout":"","ast-disable-related-posts":"","theme-transparent-header-meta":"","adv-header-id-meta":"","stick-header-meta":"","header-above-stick-meta":"","header-main-stick-meta":"","header-below-stick-meta":"","astra-migrate-meta-layouts":"default","ast-page-background-enabled":"default","ast-page-background-meta":{"desktop":{"background-color":"","background-image":"","background-repeat":"repeat","background-position":"center center","background-size":"auto","background-attachment":"scroll","background-type":"","background-media":"","overlay-type":"","overlay-color":"","overlay-opacity":"","overlay-gradient":""},"tablet":{"background-color":"","background-image":"","background-repeat":"repeat","background-position":"center center","background-size":"auto","background-attachment":"scroll","background-type":"","background-media":"","overlay-type":"","overlay-color":"","overlay-opacity":"","overlay-gradient":""},"mobile":{"background-color":"","background-image":"","background-repeat":"repeat","background-position":"center center","background-size":"auto","background-attachment":"scroll","background-type":"","background-media":"","overlay-type":"","overlay-color":"","overlay-opacity":"","overlay-gradient":""}},"ast-content-background-meta":{"desktop":{"background-color":"var(--ast-global-color-5)","background-image":"","background-repeat":"repeat","background-position":"center center","background-size":"auto","background-attachment":"scroll","background-type":"","background-media":"","overlay-type":"","overlay-color":"","overlay-opacity":"","overlay-gradient":""},"tablet":{"background-color":"var(--ast-global-color-5)","background-image":"","background-repeat":"repeat","background-position":"center center","background-size":"auto","background-attachment":"scroll","background-type":"","background-media":"","overlay-type":"","overlay-color":"","overlay-opacity":"","overlay-gradient":""},"mobile":{"background-color":"var(--ast-global-color-5)","background-image":"","background-repeat":"repeat","background-position":"center center","background-size":"auto","background-attachment":"scroll","background-type":"","background-media":"","overlay-type":"","overlay-color":"","overlay-opacity":"","overlay-gradient":""}},"footnotes":""},"categories":[306],"tags":[],"class_list":["post-2102","post","type-post","status-publish","format-standard","has-post-thumbnail","hentry","category-communiques-de-presse"],"acf":[],"yoast_head":"<!-- This site is optimized with the Yoast SEO plugin v27.4 - https:\/\/yoast.com\/product\/yoast-seo-wordpress\/ -->\n<title>La Semaine nationale des m\u00e9tiers sp\u00e9cialis\u00e9s et des technologies c\u00e9l\u00e8bre l\u2019histoire et l\u2019importance des m\u00e9tiers au Canada - Skills Competences Canada<\/title>\n<meta name=\"robots\" content=\"index, follow, max-snippet:-1, max-image-preview:large, max-video-preview:-1\" \/>\n<link rel=\"canonical\" href=\"https:\/\/www.skillscompetencescanada.com\/fr\/la-semaine-nationale-des-metiers-specialises-et-des-technologies-celebre-lhistoire-et-limportance-des-metiers-au-canada\/\" \/>\n<meta name=\"twitter:label1\" content=\"\u00c9crit par\" \/>\n\t<meta name=\"twitter:data1\" content=\"admin\" \/>\n\t<meta name=\"twitter:label2\" content=\"Dur\u00e9e de lecture estim\u00e9e\" \/>\n\t<meta name=\"twitter:data2\" content=\"5 minutes\" \/>\n<script type=\"application\/ld+json\" class=\"yoast-schema-graph\">{\"@context\":\"https:\\\/\\\/schema.org\",\"@graph\":[{\"@type\":\"Article\",\"@id\":\"https:\\\/\\\/www.skillscompetencescanada.com\\\/fr\\\/la-semaine-nationale-des-metiers-specialises-et-des-technologies-celebre-lhistoire-et-limportance-des-metiers-au-canada\\\/#article\",\"isPartOf\":{\"@id\":\"https:\\\/\\\/www.skillscompetencescanada.com\\\/fr\\\/la-semaine-nationale-des-metiers-specialises-et-des-technologies-celebre-lhistoire-et-limportance-des-metiers-au-canada\\\/\"},\"author\":{\"name\":\"admin\",\"@id\":\"https:\\\/\\\/www.skillscompetencescanada.com\\\/fr\\\/#\\\/schema\\\/person\\\/bf9080ad0132a1235eceec94c8c537c1\"},\"headline\":\"La Semaine nationale des m\u00e9tiers sp\u00e9cialis\u00e9s et des technologies c\u00e9l\u00e8bre l\u2019histoire et l\u2019importance des m\u00e9tiers au Canada\",\"datePublished\":\"2016-10-19T14:20:33+00:00\",\"mainEntityOfPage\":{\"@id\":\"https:\\\/\\\/www.skillscompetencescanada.com\\\/fr\\\/la-semaine-nationale-des-metiers-specialises-et-des-technologies-celebre-lhistoire-et-limportance-des-metiers-au-canada\\\/\"},\"wordCount\":1011,\"publisher\":{\"@id\":\"https:\\\/\\\/www.skillscompetencescanada.com\\\/fr\\\/#organization\"},\"image\":{\"@id\":\"https:\\\/\\\/www.skillscompetencescanada.com\\\/fr\\\/la-semaine-nationale-des-metiers-specialises-et-des-technologies-celebre-lhistoire-et-limportance-des-metiers-au-canada\\\/#primaryimage\"},\"thumbnailUrl\":\"https:\\\/\\\/www.skillscompetencescanada.com\\\/wp-content\\\/uploads\\\/2021\\\/03\\\/default_grey.png\",\"articleSection\":[\"Communiqu\u00e9s de presse\"],\"inLanguage\":\"fr-FR\"},{\"@type\":\"WebPage\",\"@id\":\"https:\\\/\\\/www.skillscompetencescanada.com\\\/fr\\\/la-semaine-nationale-des-metiers-specialises-et-des-technologies-celebre-lhistoire-et-limportance-des-metiers-au-canada\\\/\",\"url\":\"https:\\\/\\\/www.skillscompetencescanada.com\\\/fr\\\/la-semaine-nationale-des-metiers-specialises-et-des-technologies-celebre-lhistoire-et-limportance-des-metiers-au-canada\\\/\",\"name\":\"La Semaine nationale des m\u00e9tiers sp\u00e9cialis\u00e9s et des technologies c\u00e9l\u00e8bre l\u2019histoire et l\u2019importance des m\u00e9tiers au Canada - Skills Competences Canada\",\"isPartOf\":{\"@id\":\"https:\\\/\\\/www.skillscompetencescanada.com\\\/fr\\\/#website\"},\"primaryImageOfPage\":{\"@id\":\"https:\\\/\\\/www.skillscompetencescanada.com\\\/fr\\\/la-semaine-nationale-des-metiers-specialises-et-des-technologies-celebre-lhistoire-et-limportance-des-metiers-au-canada\\\/#primaryimage\"},\"image\":{\"@id\":\"https:\\\/\\\/www.skillscompetencescanada.com\\\/fr\\\/la-semaine-nationale-des-metiers-specialises-et-des-technologies-celebre-lhistoire-et-limportance-des-metiers-au-canada\\\/#primaryimage\"},\"thumbnailUrl\":\"https:\\\/\\\/www.skillscompetencescanada.com\\\/wp-content\\\/uploads\\\/2021\\\/03\\\/default_grey.png\",\"datePublished\":\"2016-10-19T14:20:33+00:00\",\"breadcrumb\":{\"@id\":\"https:\\\/\\\/www.skillscompetencescanada.com\\\/fr\\\/la-semaine-nationale-des-metiers-specialises-et-des-technologies-celebre-lhistoire-et-limportance-des-metiers-au-canada\\\/#breadcrumb\"},\"inLanguage\":\"fr-FR\",\"potentialAction\":[{\"@type\":\"ReadAction\",\"target\":[\"https:\\\/\\\/www.skillscompetencescanada.com\\\/fr\\\/la-semaine-nationale-des-metiers-specialises-et-des-technologies-celebre-lhistoire-et-limportance-des-metiers-au-canada\\\/\"]}]},{\"@type\":\"ImageObject\",\"inLanguage\":\"fr-FR\",\"@id\":\"https:\\\/\\\/www.skillscompetencescanada.com\\\/fr\\\/la-semaine-nationale-des-metiers-specialises-et-des-technologies-celebre-lhistoire-et-limportance-des-metiers-au-canada\\\/#primaryimage\",\"url\":\"https:\\\/\\\/www.skillscompetencescanada.com\\\/wp-content\\\/uploads\\\/2021\\\/03\\\/default_grey.png\",\"contentUrl\":\"https:\\\/\\\/www.skillscompetencescanada.com\\\/wp-content\\\/uploads\\\/2021\\\/03\\\/default_grey.png\",\"width\":1087,\"height\":540},{\"@type\":\"BreadcrumbList\",\"@id\":\"https:\\\/\\\/www.skillscompetencescanada.com\\\/fr\\\/la-semaine-nationale-des-metiers-specialises-et-des-technologies-celebre-lhistoire-et-limportance-des-metiers-au-canada\\\/#breadcrumb\",\"itemListElement\":[{\"@type\":\"ListItem\",\"position\":1,\"name\":\"Home\",\"item\":\"https:\\\/\\\/www.skillscompetencescanada.com\\\/fr\\\/\"},{\"@type\":\"ListItem\",\"position\":2,\"name\":\"La Semaine nationale des m\u00e9tiers sp\u00e9cialis\u00e9s et des technologies c\u00e9l\u00e8bre l\u2019histoire et l\u2019importance des m\u00e9tiers au Canada\"}]},{\"@type\":\"WebSite\",\"@id\":\"https:\\\/\\\/www.skillscompetencescanada.com\\\/fr\\\/#website\",\"url\":\"https:\\\/\\\/www.skillscompetencescanada.com\\\/fr\\\/\",\"name\":\"Skills Competences Canada\",\"description\":\"\",\"publisher\":{\"@id\":\"https:\\\/\\\/www.skillscompetencescanada.com\\\/fr\\\/#organization\"},\"potentialAction\":[{\"@type\":\"SearchAction\",\"target\":{\"@type\":\"EntryPoint\",\"urlTemplate\":\"https:\\\/\\\/www.skillscompetencescanada.com\\\/fr\\\/?s={search_term_string}\"},\"query-input\":{\"@type\":\"PropertyValueSpecification\",\"valueRequired\":true,\"valueName\":\"search_term_string\"}}],\"inLanguage\":\"fr-FR\"},{\"@type\":\"Organization\",\"@id\":\"https:\\\/\\\/www.skillscompetencescanada.com\\\/fr\\\/#organization\",\"name\":\"skills competences canada\",\"url\":\"https:\\\/\\\/www.skillscompetencescanada.com\\\/fr\\\/\",\"logo\":{\"@type\":\"ImageObject\",\"inLanguage\":\"fr-FR\",\"@id\":\"https:\\\/\\\/www.skillscompetencescanada.com\\\/fr\\\/#\\\/schema\\\/logo\\\/image\\\/\",\"url\":\"http:\\\/\\\/skillscompetencescanada.com\\\/wp-content\\\/uploads\\\/2016\\\/09\\\/avatar-admin-96x96-1.jpg\",\"contentUrl\":\"http:\\\/\\\/skillscompetencescanada.com\\\/wp-content\\\/uploads\\\/2016\\\/09\\\/avatar-admin-96x96-1.jpg\",\"width\":96,\"height\":96,\"caption\":\"skills competences canada\"},\"image\":{\"@id\":\"https:\\\/\\\/www.skillscompetencescanada.com\\\/fr\\\/#\\\/schema\\\/logo\\\/image\\\/\"}},{\"@type\":\"Person\",\"@id\":\"https:\\\/\\\/www.skillscompetencescanada.com\\\/fr\\\/#\\\/schema\\\/person\\\/bf9080ad0132a1235eceec94c8c537c1\",\"name\":\"admin\",\"url\":\"https:\\\/\\\/www.skillscompetencescanada.com\\\/fr\\\/author\\\/admin\\\/\"}]}<\/script>\n<!-- \/ Yoast SEO plugin. -->","yoast_head_json":{"title":"La Semaine nationale des m\u00e9tiers sp\u00e9cialis\u00e9s et des technologies c\u00e9l\u00e8bre l\u2019histoire et l\u2019importance des m\u00e9tiers au Canada - Skills Competences Canada","robots":{"index":"index","follow":"follow","max-snippet":"max-snippet:-1","max-image-preview":"max-image-preview:large","max-video-preview":"max-video-preview:-1"},"canonical":"https:\/\/www.skillscompetencescanada.com\/fr\/la-semaine-nationale-des-metiers-specialises-et-des-technologies-celebre-lhistoire-et-limportance-des-metiers-au-canada\/","twitter_misc":{"\u00c9crit par":"admin","Dur\u00e9e de lecture estim\u00e9e":"5 minutes"},"schema":{"@context":"https:\/\/schema.org","@graph":[{"@type":"Article","@id":"https:\/\/www.skillscompetencescanada.com\/fr\/la-semaine-nationale-des-metiers-specialises-et-des-technologies-celebre-lhistoire-et-limportance-des-metiers-au-canada\/#article","isPartOf":{"@id":"https:\/\/www.skillscompetencescanada.com\/fr\/la-semaine-nationale-des-metiers-specialises-et-des-technologies-celebre-lhistoire-et-limportance-des-metiers-au-canada\/"},"author":{"name":"admin","@id":"https:\/\/www.skillscompetencescanada.com\/fr\/#\/schema\/person\/bf9080ad0132a1235eceec94c8c537c1"},"headline":"La Semaine nationale des m\u00e9tiers sp\u00e9cialis\u00e9s et des technologies c\u00e9l\u00e8bre l\u2019histoire et l\u2019importance des m\u00e9tiers au Canada","datePublished":"2016-10-19T14:20:33+00:00","mainEntityOfPage":{"@id":"https:\/\/www.skillscompetencescanada.com\/fr\/la-semaine-nationale-des-metiers-specialises-et-des-technologies-celebre-lhistoire-et-limportance-des-metiers-au-canada\/"},"wordCount":1011,"publisher":{"@id":"https:\/\/www.skillscompetencescanada.com\/fr\/#organization"},"image":{"@id":"https:\/\/www.skillscompetencescanada.com\/fr\/la-semaine-nationale-des-metiers-specialises-et-des-technologies-celebre-lhistoire-et-limportance-des-metiers-au-canada\/#primaryimage"},"thumbnailUrl":"https:\/\/www.skillscompetencescanada.com\/wp-content\/uploads\/2021\/03\/default_grey.png","articleSection":["Communiqu\u00e9s de presse"],"inLanguage":"fr-FR"},{"@type":"WebPage","@id":"https:\/\/www.skillscompetencescanada.com\/fr\/la-semaine-nationale-des-metiers-specialises-et-des-technologies-celebre-lhistoire-et-limportance-des-metiers-au-canada\/","url":"https:\/\/www.skillscompetencescanada.com\/fr\/la-semaine-nationale-des-metiers-specialises-et-des-technologies-celebre-lhistoire-et-limportance-des-metiers-au-canada\/","name":"La Semaine nationale des m\u00e9tiers sp\u00e9cialis\u00e9s et des technologies c\u00e9l\u00e8bre l\u2019histoire et l\u2019importance des m\u00e9tiers au Canada - Skills Competences Canada","isPartOf":{"@id":"https:\/\/www.skillscompetencescanada.com\/fr\/#website"},"primaryImageOfPage":{"@id":"https:\/\/www.skillscompetencescanada.com\/fr\/la-semaine-nationale-des-metiers-specialises-et-des-technologies-celebre-lhistoire-et-limportance-des-metiers-au-canada\/#primaryimage"},"image":{"@id":"https:\/\/www.skillscompetencescanada.com\/fr\/la-semaine-nationale-des-metiers-specialises-et-des-technologies-celebre-lhistoire-et-limportance-des-metiers-au-canada\/#primaryimage"},"thumbnailUrl":"https:\/\/www.skillscompetencescanada.com\/wp-content\/uploads\/2021\/03\/default_grey.png","datePublished":"2016-10-19T14:20:33+00:00","breadcrumb":{"@id":"https:\/\/www.skillscompetencescanada.com\/fr\/la-semaine-nationale-des-metiers-specialises-et-des-technologies-celebre-lhistoire-et-limportance-des-metiers-au-canada\/#breadcrumb"},"inLanguage":"fr-FR","potentialAction":[{"@type":"ReadAction","target":["https:\/\/www.skillscompetencescanada.com\/fr\/la-semaine-nationale-des-metiers-specialises-et-des-technologies-celebre-lhistoire-et-limportance-des-metiers-au-canada\/"]}]},{"@type":"ImageObject","inLanguage":"fr-FR","@id":"https:\/\/www.skillscompetencescanada.com\/fr\/la-semaine-nationale-des-metiers-specialises-et-des-technologies-celebre-lhistoire-et-limportance-des-metiers-au-canada\/#primaryimage","url":"https:\/\/www.skillscompetencescanada.com\/wp-content\/uploads\/2021\/03\/default_grey.png","contentUrl":"https:\/\/www.skillscompetencescanada.com\/wp-content\/uploads\/2021\/03\/default_grey.png","width":1087,"height":540},{"@type":"BreadcrumbList","@id":"https:\/\/www.skillscompetencescanada.com\/fr\/la-semaine-nationale-des-metiers-specialises-et-des-technologies-celebre-lhistoire-et-limportance-des-metiers-au-canada\/#breadcrumb","itemListElement":[{"@type":"ListItem","position":1,"name":"Home","item":"https:\/\/www.skillscompetencescanada.com\/fr\/"},{"@type":"ListItem","position":2,"name":"La Semaine nationale des m\u00e9tiers sp\u00e9cialis\u00e9s et des technologies c\u00e9l\u00e8bre l\u2019histoire et l\u2019importance des m\u00e9tiers au Canada"}]},{"@type":"WebSite","@id":"https:\/\/www.skillscompetencescanada.com\/fr\/#website","url":"https:\/\/www.skillscompetencescanada.com\/fr\/","name":"Skills Competences Canada","description":"","publisher":{"@id":"https:\/\/www.skillscompetencescanada.com\/fr\/#organization"},"potentialAction":[{"@type":"SearchAction","target":{"@type":"EntryPoint","urlTemplate":"https:\/\/www.skillscompetencescanada.com\/fr\/?s={search_term_string}"},"query-input":{"@type":"PropertyValueSpecification","valueRequired":true,"valueName":"search_term_string"}}],"inLanguage":"fr-FR"},{"@type":"Organization","@id":"https:\/\/www.skillscompetencescanada.com\/fr\/#organization","name":"skills competences canada","url":"https:\/\/www.skillscompetencescanada.com\/fr\/","logo":{"@type":"ImageObject","inLanguage":"fr-FR","@id":"https:\/\/www.skillscompetencescanada.com\/fr\/#\/schema\/logo\/image\/","url":"http:\/\/skillscompetencescanada.com\/wp-content\/uploads\/2016\/09\/avatar-admin-96x96-1.jpg","contentUrl":"http:\/\/skillscompetencescanada.com\/wp-content\/uploads\/2016\/09\/avatar-admin-96x96-1.jpg","width":96,"height":96,"caption":"skills competences canada"},"image":{"@id":"https:\/\/www.skillscompetencescanada.com\/fr\/#\/schema\/logo\/image\/"}},{"@type":"Person","@id":"https:\/\/www.skillscompetencescanada.com\/fr\/#\/schema\/person\/bf9080ad0132a1235eceec94c8c537c1","name":"admin","url":"https:\/\/www.skillscompetencescanada.com\/fr\/author\/admin\/"}]}},"_links":{"self":[{"href":"https:\/\/www.skillscompetencescanada.com\/fr\/wp-json\/wp\/v2\/posts\/2102","targetHints":{"allow":["GET"]}}],"collection":[{"href":"https:\/\/www.skillscompetencescanada.com\/fr\/wp-json\/wp\/v2\/posts"}],"about":[{"href":"https:\/\/www.skillscompetencescanada.com\/fr\/wp-json\/wp\/v2\/types\/post"}],"author":[{"embeddable":true,"href":"https:\/\/www.skillscompetencescanada.com\/fr\/wp-json\/wp\/v2\/users\/1"}],"replies":[{"embeddable":true,"href":"https:\/\/www.skillscompetencescanada.com\/fr\/wp-json\/wp\/v2\/comments?post=2102"}],"version-history":[{"count":0,"href":"https:\/\/www.skillscompetencescanada.com\/fr\/wp-json\/wp\/v2\/posts\/2102\/revisions"}],"wp:featuredmedia":[{"embeddable":true,"href":"https:\/\/www.skillscompetencescanada.com\/fr\/wp-json\/wp\/v2\/media\/77775"}],"wp:attachment":[{"href":"https:\/\/www.skillscompetencescanada.com\/fr\/wp-json\/wp\/v2\/media?parent=2102"}],"wp:term":[{"taxonomy":"category","embeddable":true,"href":"https:\/\/www.skillscompetencescanada.com\/fr\/wp-json\/wp\/v2\/categories?post=2102"},{"taxonomy":"post_tag","embeddable":true,"href":"https:\/\/www.skillscompetencescanada.com\/fr\/wp-json\/wp\/v2\/tags?post=2102"}],"curies":[{"name":"wp","href":"https:\/\/api.w.org\/{rel}","templated":true}]}}