{"id":57781,"date":"2017-11-22T14:27:15","date_gmt":"2017-11-22T19:27:15","guid":{"rendered":"http:\/\/www.skillscompetencescanada.com\/?p=57781"},"modified":"2017-11-27T13:33:18","modified_gmt":"2017-11-27T18:33:18","slug":"equipe-canada-worldskills-2017-se-rend-au-parlement-durant-la-semaine-nationale-des-metiers-specialises-et-des-technologies","status":"publish","type":"post","link":"https:\/\/www.skillscompetencescanada.com\/fr\/equipe-canada-worldskills-2017-se-rend-au-parlement-durant-la-semaine-nationale-des-metiers-specialises-et-des-technologies\/","title":{"rendered":"\u00c9quipe Canada WorldSkills 2017 se rend au Parlement durant  la Semaine nationale des m\u00e9tiers sp\u00e9cialis\u00e9s et des technologies"},"content":{"rendered":"<p><img decoding=\"async\" class=\"size-medium wp-image-57774\" src=\"https:\/\/www.skillscompetencescanada.com\/wp-content\/uploads\/2017\/11\/Photo-for-Press-Release_9nov17-541x360.jpg\" alt=\"\" width=\"541\" height=\"360\" srcset=\"https:\/\/www.skillscompetencescanada.com\/wp-content\/uploads\/2017\/11\/Photo-for-Press-Release_9nov17-541x360.jpg 541w, https:\/\/www.skillscompetencescanada.com\/wp-content\/uploads\/2017\/11\/Photo-for-Press-Release_9nov17-768x511.jpg 768w, https:\/\/www.skillscompetencescanada.com\/wp-content\/uploads\/2017\/11\/Photo-for-Press-Release_9nov17-1082x720.jpg 1082w, https:\/\/www.skillscompetencescanada.com\/wp-content\/uploads\/2017\/11\/Photo-for-Press-Release_9nov17-1200x799.jpg 1200w, https:\/\/www.skillscompetencescanada.com\/wp-content\/uploads\/2017\/11\/Photo-for-Press-Release_9nov17-272x182.jpg 272w\" sizes=\"(max-width: 541px) 100vw, 541px\" \/><\/p>\n<p><strong>Ottawa (Ontario), 9 novembre 2017 \u2013\u00a0<\/strong><\/p>\n<p>Hier, des membres d\u2019\u00c9quipe Canada WorldSkills 2017 se sont rendus au Parlement pour c\u00e9l\u00e9brer leur retour du <a href=\"https:\/\/worldskillsabudhabi2017.com\/en\/\">Mondial des m\u00e9tiers 2017, \u00e0 Abou Dhabi<\/a>, et pour souligner la <a href=\"https:\/\/www.skillscompetencescanada.com\/fr\/metiers-specialises-technologies-2\/\">Semaine nationale des m\u00e9tiers sp\u00e9cialis\u00e9s et des technologies (SNMST)<\/a>.<\/p>\n<p>&nbsp;<\/p>\n<p><a href=\"https:\/\/www.skillscompetencescanada.com\/fr\/equipe-canada\/equipe-canada-2017\/\">\u00c9quipe Canada WorldSkills 2017<\/a> est form\u00e9e de 31 jeunes, \u00e2g\u00e9s de 17 \u00e0 25 ans, qui repr\u00e9sentent le pays \u00e0 des concours pour de multiples m\u00e9tiers et technologies, tels que la peinture automobile, la conception et la cr\u00e9ation de sites Web, la cuisine, la robotique mobile, l\u2019\u00e9b\u00e9nisterie, la technologie de la mode, l\u2019entretien d\u2019a\u00e9ronefs et des dizaines d\u2019autres.<br \/>\nParmi les membres d&rsquo;\u00c9quipe Canada WorldSkills 2017 qui sont venus \u00e0 Ottawa cette semaine figurent les m\u00e9daill\u00e9s de bronze en m\u00e9catronique, <a href=\"https:\/\/www.skillscompetencescanada.com\/fr\/equipe-canada\/equipe-canada-2017\/theodor-steven-willert\/\">Theodor Willert<\/a> et <a href=\"https:\/\/www.skillscompetencescanada.com\/fr\/equipe-canada\/equipe-canada-2017\/avery-bird\/\">Avery Bird<\/a>. En outre, 13 membres d\u2019\u00c9quipe Canada WorldSkills 2017 ont re\u00e7u <a href=\"https:\/\/www.skillscompetencescanada.com\/fr\/abudhabi-resultats\/\">un m\u00e9daillon d&rsquo;excellence<\/a>, qui est remis aux concurrents et concurrentes ayant obtenu une note sup\u00e9rieure \u00e0 la moyenne internationale dans leur domaine respectif.<\/p>\n<p>&nbsp;<\/p>\n<p>\u00ab\u00a0Faire partie d\u2019\u00c9quipe Canada WorldSkills 2017 a \u00e9t\u00e9 une exp\u00e9rience formidable qui a chang\u00e9 ma vie, a dit Kyla Henry, de Regina, en Saskatchewan, r\u00e9cipiendaire d\u2019un m\u00e9daillon d\u2019excellence en arts graphiques. J\u2019esp\u00e8re que mon exp\u00e9rience incroyable encouragera d\u2019autres jeunes Canadiens et Canadiennes \u00e0 choisir une profession parmi les m\u00e9tiers sp\u00e9cialis\u00e9s ou les technologies. Ces domaines d\u00e9bordent de possibilit\u00e9s.\u00a0\u00bb<\/p>\n<p>&nbsp;<\/p>\n<p>Durant leur s\u00e9jour \u00e0 Ottawa, les membres d\u2019\u00c9quipe Canada WorldSkills 2017 ont pris part \u00e0 une s\u00e9ance de d\u00e9breffage au sujet de leur r\u00e9cente exp\u00e9rience au Mondial des m\u00e9tiers 2017, \u00e0 Abou Dhabi, ont pu s\u2019entretenir avec des d\u00e9put\u00e9(e)s de tous les partis, ont assist\u00e9 \u00e0 la p\u00e9riode des questions au Parlement, et ont rencontr\u00e9 l\u2019honorable Patty Hajdu, ministre de l\u2019Emploi, du D\u00e9veloppement de la main-d&rsquo;\u0153uvre et du Travail.<\/p>\n<p>&nbsp;<\/p>\n<p>\u00ab\u00a0Les m\u00e9tiers sp\u00e9cialis\u00e9s repr\u00e9sentent un choix de carri\u00e8re prometteur et gratifiant pour les jeunes Canadiens, a d\u00e9clar\u00e9 la ministre Hajdu. Les gens de m\u00e9tiers sp\u00e9cialis\u00e9s ont une incidence sur tous les aspects de nos vies; ils construisent nos maisons, r\u00e9parent nos automobiles et veillent \u00e0 notre s\u00e9curit\u00e9.\u00a0 Il doit y avoir plus de gens qui consid\u00e8rent une carri\u00e8re dans les m\u00e9tiers sp\u00e9cialis\u00e9s pour continuer de renforcer la classe moyenne et faire croitre l&rsquo;\u00e9conomie.\u00a0\u00bb<\/p>\n<p>&nbsp;<\/p>\n<p>En soir\u00e9e, \u00e0 la <strong>r\u00e9ception d\u2019\u00c9quipe Canada WorlSkills 2017 \u00ab\u00a0Essaie un m\u00e9tier et une technologie\u00a0\u00bb<\/strong>, les membres d\u2019\u00c9quipe Canada et des d\u00e9cideurs repr\u00e9sentant des organisations priv\u00e9es, publiques ou sans but lucratif ont pu entendre le secr\u00e9taire parlementaire du Premier ministre (jeunesse), M.\u00a0Peter Schiefke, et participer aux diverses stations Essaie un m\u00e9tier et une technologie consacr\u00e9es au soudage virtuel, \u00e0 la peinture automobile virtuelle et aux appareils de diagnostic automobile.<\/p>\n<p>&nbsp;<\/p>\n<p>Aujourd\u2019hui, \u00c9quipe Canada WorldSkills 2017 participe \u00e0 la <strong>Conf\u00e9rence nationale sur l&#8217;employabilit\u00e9 des jeunes dans les m\u00e9tiers<\/strong>, organis\u00e9e par le Forum canadien sur l\u2019apprentissage (FCA), \u00e0 l\u2019h\u00f4tel Marriott, \u00e0 Ottawa. Les membres d\u2019\u00c9quipe Canada agissent en tant qu\u2019ambassadeurs aupr\u00e8s des \u00e9l\u00e8ves du niveau secondaire pr\u00e9sents, pour leur faire part de leurs succ\u00e8s et leur faire conna\u00eetre les possibilit\u00e9s qui s\u2019offrent \u00e0 eux dans les m\u00e9tiers sp\u00e9cialis\u00e9s et les technologies.<\/p>\n<p>&nbsp;<\/p>\n<p>Le programme de la Semaine nationale des m\u00e9tiers sp\u00e9cialis\u00e9s et des technologies \u00e0 Ottawa n\u2019est qu\u2019une partie des activit\u00e9s qui sont organis\u00e9es un peu partout au pays par Skills\/Comp\u00e9tences Canada et ses organimes provinciaux et territoriaux. La SNMST a pour but de sensibiliser les \u00e9l\u00e8ves et les enseignants aux remarquablles possibilit\u00e9s de carri\u00e8re qu\u2019offrent les m\u00e9tiers sp\u00e9cialis\u00e9s et les technologies au Canada.<\/p>\n<p>&nbsp;<\/p>\n<p><strong>Au sujet de Skills\/Comp\u00e9tences Canada<\/strong><\/p>\n<p>Fond\u00e9 en 1989, Skills\/Comp\u00e9tences Canada est une organisation nationale sans but lucratif. Comptant des organismes membres dans toutes les provinces et tous les territoires, SCC, de concert avec les employeurs, les \u00e9ducateurs, les syndicats et les gouvernements, fait la promotion des professions dans les m\u00e9tiers et les technologies aupr\u00e8s des jeunes. <a href=\"http:\/\/www.skillscompetencescanada.com\">skillscompetencescanada.com<\/a><\/p>\n<p>&nbsp;<\/p>\n<p><strong>Mondial des m\u00e9tiers<\/strong><\/p>\n<p>Vou\u00e9 \u00e0 l&rsquo;excellence en mati\u00e8re de formation professionnelle et technique, le Mondial des m\u00e9tiers, qui se tient tous les deux ans, est la plus importante rencontre du genre. Il t\u00e9moigne des normes \u00e9tablies en mati\u00e8re de comp\u00e9tences sp\u00e9cialis\u00e9es \u00e0 l&rsquo;\u00e9chelle internationale. Le Mondial des m\u00e9tiers 2017, qui a eu lieu du 15 au 17 octobre au National Exhibition Centre d\u2019Abou Dhabi, dans les \u00c9mirats arabes unis, a accueilli plus de 100\u00a0000\u00a0visiteurs. Le Mondial des m\u00e9tiers 2017 aura \u00e9t\u00e9 le plus grand des 67 ans d\u2019histoire de WorldSkills, ayant r\u00e9uni quelque 1300\u00a0concurrents et concurrentes de 59 pays membres et r\u00e9gions de tous les continents. Il s\u2019agissait de la 14e\u00a0participation du Canada au Mondial des m\u00e9tiers.<\/p>\n<p>&nbsp;<\/p>\n<p>Suivez Skills\/Comp\u00e9tences Canada sur <a href=\"https:\/\/twitter.com\/Skills_Canada\">Twitter<\/a>, <a href=\"https:\/\/www.facebook.com\/skillscanada?ref=tn_tnmn\">Facebook<\/a>, <a href=\"https:\/\/www.youtube.com\/user\/SkillsCanadaOfficial?feature=mhee\">YouTube <\/a>et <a href=\"https:\/\/www.flickr.com\/photos\/skillscompetencescanada\/\">Flickr<\/a>.<\/p>\n<p>&nbsp;<\/p>\n<p><strong>Renseignements aux m\u00e9dias :<\/strong><\/p>\n<p>Mich\u00e8le Rogerson<\/p>\n<p>613-266-4771<\/p>\n<p><a href=\"mailto:micheler@skillscanada.com\">micheler@skillscanada.com<\/a><\/p>\n<p>&nbsp;<\/p>\n<p>Catherine Fortin LeFaivre<\/p>\n<p>613-979-8683<\/p>\n<p><a href=\"mailto:catherine@cflcomms.com\">catherine@cflcomms.com<\/a><\/p>\n","protected":false},"excerpt":{"rendered":"<p>Ottawa (Ontario), 9 novembre 2017 \u2013\u00a0 Hier, des membres d\u2019\u00c9quipe Canada WorldSkills 2017 se sont rendus au Parlement pour c\u00e9l\u00e9brer leur retour du Mondial des m\u00e9tiers 2017, \u00e0 Abou Dhabi,<\/p>\n","protected":false},"author":5,"featured_media":57774,"comment_status":"closed","ping_status":"closed","sticky":false,"template":"","format":"standard","meta":{"_acf_changed":false,"site-sidebar-layout":"default","site-content-layout":"","ast-site-content-layout":"default","site-content-style":"default","site-sidebar-style":"default","ast-global-header-display":"","ast-banner-title-visibility":"","ast-main-header-display":"","ast-hfb-above-header-display":"","ast-hfb-below-header-display":"","ast-hfb-mobile-header-display":"","site-post-title":"","ast-breadcrumbs-content":"","ast-featured-img":"","footer-sml-layout":"","ast-disable-related-posts":"","theme-transparent-header-meta":"","adv-header-id-meta":"","stick-header-meta":"","header-above-stick-meta":"","header-main-stick-meta":"","header-below-stick-meta":"","astra-migrate-meta-layouts":"default","ast-page-background-enabled":"default","ast-page-background-meta":{"desktop":{"background-color":"","background-image":"","background-repeat":"repeat","background-position":"center center","background-size":"auto","background-attachment":"scroll","background-type":"","background-media":"","overlay-type":"","overlay-color":"","overlay-opacity":"","overlay-gradient":""},"tablet":{"background-color":"","background-image":"","background-repeat":"repeat","background-position":"center center","background-size":"auto","background-attachment":"scroll","background-type":"","background-media":"","overlay-type":"","overlay-color":"","overlay-opacity":"","overlay-gradient":""},"mobile":{"background-color":"","background-image":"","background-repeat":"repeat","background-position":"center center","background-size":"auto","background-attachment":"scroll","background-type":"","background-media":"","overlay-type":"","overlay-color":"","overlay-opacity":"","overlay-gradient":""}},"ast-content-background-meta":{"desktop":{"background-color":"var(--ast-global-color-5)","background-image":"","background-repeat":"repeat","background-position":"center center","background-size":"auto","background-attachment":"scroll","background-type":"","background-media":"","overlay-type":"","overlay-color":"","overlay-opacity":"","overlay-gradient":""},"tablet":{"background-color":"var(--ast-global-color-5)","background-image":"","background-repeat":"repeat","background-position":"center center","background-size":"auto","background-attachment":"scroll","background-type":"","background-media":"","overlay-type":"","overlay-color":"","overlay-opacity":"","overlay-gradient":""},"mobile":{"background-color":"var(--ast-global-color-5)","background-image":"","background-repeat":"repeat","background-position":"center center","background-size":"auto","background-attachment":"scroll","background-type":"","background-media":"","overlay-type":"","overlay-color":"","overlay-opacity":"","overlay-gradient":""}},"footnotes":""},"categories":[306],"tags":[],"class_list":["post-57781","post","type-post","status-publish","format-standard","has-post-thumbnail","hentry","category-communiques-de-presse"],"acf":[],"yoast_head":"<!-- This site is optimized with the Yoast SEO plugin v27.4 - https:\/\/yoast.com\/product\/yoast-seo-wordpress\/ -->\n<title>\u00c9quipe Canada WorldSkills 2017 se rend au Parlement durant la Semaine nationale des m\u00e9tiers sp\u00e9cialis\u00e9s et des technologies - Skills Competences Canada<\/title>\n<meta name=\"robots\" content=\"index, follow, max-snippet:-1, max-image-preview:large, max-video-preview:-1\" \/>\n<link rel=\"canonical\" href=\"https:\/\/www.skillscompetencescanada.com\/fr\/equipe-canada-worldskills-2017-se-rend-au-parlement-durant-la-semaine-nationale-des-metiers-specialises-et-des-technologies\/\" \/>\n<meta name=\"twitter:label1\" content=\"\u00c9crit par\" \/>\n\t<meta name=\"twitter:data1\" content=\"Sharon C\" \/>\n\t<meta name=\"twitter:label2\" content=\"Dur\u00e9e de lecture estim\u00e9e\" \/>\n\t<meta name=\"twitter:data2\" content=\"4 minutes\" \/>\n<script type=\"application\/ld+json\" class=\"yoast-schema-graph\">{\"@context\":\"https:\\\/\\\/schema.org\",\"@graph\":[{\"@type\":\"Article\",\"@id\":\"https:\\\/\\\/www.skillscompetencescanada.com\\\/fr\\\/equipe-canada-worldskills-2017-se-rend-au-parlement-durant-la-semaine-nationale-des-metiers-specialises-et-des-technologies\\\/#article\",\"isPartOf\":{\"@id\":\"https:\\\/\\\/www.skillscompetencescanada.com\\\/fr\\\/equipe-canada-worldskills-2017-se-rend-au-parlement-durant-la-semaine-nationale-des-metiers-specialises-et-des-technologies\\\/\"},\"author\":{\"name\":\"Sharon C\",\"@id\":\"https:\\\/\\\/www.skillscompetencescanada.com\\\/fr\\\/#\\\/schema\\\/person\\\/bab96234a54c48991ab0f91d48ea8605\"},\"headline\":\"\u00c9quipe Canada WorldSkills 2017 se rend au Parlement durant la Semaine nationale des m\u00e9tiers sp\u00e9cialis\u00e9s et des technologies\",\"datePublished\":\"2017-11-22T19:27:15+00:00\",\"dateModified\":\"2017-11-27T18:33:18+00:00\",\"mainEntityOfPage\":{\"@id\":\"https:\\\/\\\/www.skillscompetencescanada.com\\\/fr\\\/equipe-canada-worldskills-2017-se-rend-au-parlement-durant-la-semaine-nationale-des-metiers-specialises-et-des-technologies\\\/\"},\"wordCount\":902,\"publisher\":{\"@id\":\"https:\\\/\\\/www.skillscompetencescanada.com\\\/fr\\\/#organization\"},\"image\":{\"@id\":\"https:\\\/\\\/www.skillscompetencescanada.com\\\/fr\\\/equipe-canada-worldskills-2017-se-rend-au-parlement-durant-la-semaine-nationale-des-metiers-specialises-et-des-technologies\\\/#primaryimage\"},\"thumbnailUrl\":\"https:\\\/\\\/www.skillscompetencescanada.com\\\/wp-content\\\/uploads\\\/2017\\\/11\\\/Photo-for-Press-Release_9nov17.jpg\",\"articleSection\":[\"Communiqu\u00e9s de presse\"],\"inLanguage\":\"fr-FR\"},{\"@type\":\"WebPage\",\"@id\":\"https:\\\/\\\/www.skillscompetencescanada.com\\\/fr\\\/equipe-canada-worldskills-2017-se-rend-au-parlement-durant-la-semaine-nationale-des-metiers-specialises-et-des-technologies\\\/\",\"url\":\"https:\\\/\\\/www.skillscompetencescanada.com\\\/fr\\\/equipe-canada-worldskills-2017-se-rend-au-parlement-durant-la-semaine-nationale-des-metiers-specialises-et-des-technologies\\\/\",\"name\":\"\u00c9quipe Canada WorldSkills 2017 se rend au Parlement durant la Semaine nationale des m\u00e9tiers sp\u00e9cialis\u00e9s et des technologies - Skills Competences Canada\",\"isPartOf\":{\"@id\":\"https:\\\/\\\/www.skillscompetencescanada.com\\\/fr\\\/#website\"},\"primaryImageOfPage\":{\"@id\":\"https:\\\/\\\/www.skillscompetencescanada.com\\\/fr\\\/equipe-canada-worldskills-2017-se-rend-au-parlement-durant-la-semaine-nationale-des-metiers-specialises-et-des-technologies\\\/#primaryimage\"},\"image\":{\"@id\":\"https:\\\/\\\/www.skillscompetencescanada.com\\\/fr\\\/equipe-canada-worldskills-2017-se-rend-au-parlement-durant-la-semaine-nationale-des-metiers-specialises-et-des-technologies\\\/#primaryimage\"},\"thumbnailUrl\":\"https:\\\/\\\/www.skillscompetencescanada.com\\\/wp-content\\\/uploads\\\/2017\\\/11\\\/Photo-for-Press-Release_9nov17.jpg\",\"datePublished\":\"2017-11-22T19:27:15+00:00\",\"dateModified\":\"2017-11-27T18:33:18+00:00\",\"breadcrumb\":{\"@id\":\"https:\\\/\\\/www.skillscompetencescanada.com\\\/fr\\\/equipe-canada-worldskills-2017-se-rend-au-parlement-durant-la-semaine-nationale-des-metiers-specialises-et-des-technologies\\\/#breadcrumb\"},\"inLanguage\":\"fr-FR\",\"potentialAction\":[{\"@type\":\"ReadAction\",\"target\":[\"https:\\\/\\\/www.skillscompetencescanada.com\\\/fr\\\/equipe-canada-worldskills-2017-se-rend-au-parlement-durant-la-semaine-nationale-des-metiers-specialises-et-des-technologies\\\/\"]}]},{\"@type\":\"ImageObject\",\"inLanguage\":\"fr-FR\",\"@id\":\"https:\\\/\\\/www.skillscompetencescanada.com\\\/fr\\\/equipe-canada-worldskills-2017-se-rend-au-parlement-durant-la-semaine-nationale-des-metiers-specialises-et-des-technologies\\\/#primaryimage\",\"url\":\"https:\\\/\\\/www.skillscompetencescanada.com\\\/wp-content\\\/uploads\\\/2017\\\/11\\\/Photo-for-Press-Release_9nov17.jpg\",\"contentUrl\":\"https:\\\/\\\/www.skillscompetencescanada.com\\\/wp-content\\\/uploads\\\/2017\\\/11\\\/Photo-for-Press-Release_9nov17.jpg\",\"width\":3745,\"height\":2492,\"caption\":\"Les membres d'\u00c9quipe Canada WorldSkills 2017 avec l\u2019honorable Patty Hajdu, ministre de l\u2019Emploi, du D\u00e9veloppement de la main-d'\u0153uvre et du Travail, Shaun Thorson, chef de la direction de Skills\\\/Comp\u00e9tences Canada (SCC), Lisa Frizzell du conseil d\u2019administration national de SCC, et Luc Morin, chef d\u2019\u00e9quipe, au Parlement, \u00e0 Ottawa.\"},{\"@type\":\"BreadcrumbList\",\"@id\":\"https:\\\/\\\/www.skillscompetencescanada.com\\\/fr\\\/equipe-canada-worldskills-2017-se-rend-au-parlement-durant-la-semaine-nationale-des-metiers-specialises-et-des-technologies\\\/#breadcrumb\",\"itemListElement\":[{\"@type\":\"ListItem\",\"position\":1,\"name\":\"Home\",\"item\":\"https:\\\/\\\/www.skillscompetencescanada.com\\\/fr\\\/\"},{\"@type\":\"ListItem\",\"position\":2,\"name\":\"\u00c9quipe Canada WorldSkills 2017 se rend au Parlement durant la Semaine nationale des m\u00e9tiers sp\u00e9cialis\u00e9s et des technologies\"}]},{\"@type\":\"WebSite\",\"@id\":\"https:\\\/\\\/www.skillscompetencescanada.com\\\/fr\\\/#website\",\"url\":\"https:\\\/\\\/www.skillscompetencescanada.com\\\/fr\\\/\",\"name\":\"Skills Competences Canada\",\"description\":\"\",\"publisher\":{\"@id\":\"https:\\\/\\\/www.skillscompetencescanada.com\\\/fr\\\/#organization\"},\"potentialAction\":[{\"@type\":\"SearchAction\",\"target\":{\"@type\":\"EntryPoint\",\"urlTemplate\":\"https:\\\/\\\/www.skillscompetencescanada.com\\\/fr\\\/?s={search_term_string}\"},\"query-input\":{\"@type\":\"PropertyValueSpecification\",\"valueRequired\":true,\"valueName\":\"search_term_string\"}}],\"inLanguage\":\"fr-FR\"},{\"@type\":\"Organization\",\"@id\":\"https:\\\/\\\/www.skillscompetencescanada.com\\\/fr\\\/#organization\",\"name\":\"skills competences canada\",\"url\":\"https:\\\/\\\/www.skillscompetencescanada.com\\\/fr\\\/\",\"logo\":{\"@type\":\"ImageObject\",\"inLanguage\":\"fr-FR\",\"@id\":\"https:\\\/\\\/www.skillscompetencescanada.com\\\/fr\\\/#\\\/schema\\\/logo\\\/image\\\/\",\"url\":\"http:\\\/\\\/skillscompetencescanada.com\\\/wp-content\\\/uploads\\\/2016\\\/09\\\/avatar-admin-96x96-1.jpg\",\"contentUrl\":\"http:\\\/\\\/skillscompetencescanada.com\\\/wp-content\\\/uploads\\\/2016\\\/09\\\/avatar-admin-96x96-1.jpg\",\"width\":96,\"height\":96,\"caption\":\"skills competences canada\"},\"image\":{\"@id\":\"https:\\\/\\\/www.skillscompetencescanada.com\\\/fr\\\/#\\\/schema\\\/logo\\\/image\\\/\"}},{\"@type\":\"Person\",\"@id\":\"https:\\\/\\\/www.skillscompetencescanada.com\\\/fr\\\/#\\\/schema\\\/person\\\/bab96234a54c48991ab0f91d48ea8605\",\"name\":\"Sharon C\",\"url\":\"https:\\\/\\\/www.skillscompetencescanada.com\\\/fr\\\/author\\\/sharon\\\/\"}]}<\/script>\n<!-- \/ Yoast SEO plugin. -->","yoast_head_json":{"title":"\u00c9quipe Canada WorldSkills 2017 se rend au Parlement durant la Semaine nationale des m\u00e9tiers sp\u00e9cialis\u00e9s et des technologies - Skills Competences Canada","robots":{"index":"index","follow":"follow","max-snippet":"max-snippet:-1","max-image-preview":"max-image-preview:large","max-video-preview":"max-video-preview:-1"},"canonical":"https:\/\/www.skillscompetencescanada.com\/fr\/equipe-canada-worldskills-2017-se-rend-au-parlement-durant-la-semaine-nationale-des-metiers-specialises-et-des-technologies\/","twitter_misc":{"\u00c9crit par":"Sharon C","Dur\u00e9e de lecture estim\u00e9e":"4 minutes"},"schema":{"@context":"https:\/\/schema.org","@graph":[{"@type":"Article","@id":"https:\/\/www.skillscompetencescanada.com\/fr\/equipe-canada-worldskills-2017-se-rend-au-parlement-durant-la-semaine-nationale-des-metiers-specialises-et-des-technologies\/#article","isPartOf":{"@id":"https:\/\/www.skillscompetencescanada.com\/fr\/equipe-canada-worldskills-2017-se-rend-au-parlement-durant-la-semaine-nationale-des-metiers-specialises-et-des-technologies\/"},"author":{"name":"Sharon C","@id":"https:\/\/www.skillscompetencescanada.com\/fr\/#\/schema\/person\/bab96234a54c48991ab0f91d48ea8605"},"headline":"\u00c9quipe Canada WorldSkills 2017 se rend au Parlement durant la Semaine nationale des m\u00e9tiers sp\u00e9cialis\u00e9s et des technologies","datePublished":"2017-11-22T19:27:15+00:00","dateModified":"2017-11-27T18:33:18+00:00","mainEntityOfPage":{"@id":"https:\/\/www.skillscompetencescanada.com\/fr\/equipe-canada-worldskills-2017-se-rend-au-parlement-durant-la-semaine-nationale-des-metiers-specialises-et-des-technologies\/"},"wordCount":902,"publisher":{"@id":"https:\/\/www.skillscompetencescanada.com\/fr\/#organization"},"image":{"@id":"https:\/\/www.skillscompetencescanada.com\/fr\/equipe-canada-worldskills-2017-se-rend-au-parlement-durant-la-semaine-nationale-des-metiers-specialises-et-des-technologies\/#primaryimage"},"thumbnailUrl":"https:\/\/www.skillscompetencescanada.com\/wp-content\/uploads\/2017\/11\/Photo-for-Press-Release_9nov17.jpg","articleSection":["Communiqu\u00e9s de presse"],"inLanguage":"fr-FR"},{"@type":"WebPage","@id":"https:\/\/www.skillscompetencescanada.com\/fr\/equipe-canada-worldskills-2017-se-rend-au-parlement-durant-la-semaine-nationale-des-metiers-specialises-et-des-technologies\/","url":"https:\/\/www.skillscompetencescanada.com\/fr\/equipe-canada-worldskills-2017-se-rend-au-parlement-durant-la-semaine-nationale-des-metiers-specialises-et-des-technologies\/","name":"\u00c9quipe Canada WorldSkills 2017 se rend au Parlement durant la Semaine nationale des m\u00e9tiers sp\u00e9cialis\u00e9s et des technologies - Skills Competences Canada","isPartOf":{"@id":"https:\/\/www.skillscompetencescanada.com\/fr\/#website"},"primaryImageOfPage":{"@id":"https:\/\/www.skillscompetencescanada.com\/fr\/equipe-canada-worldskills-2017-se-rend-au-parlement-durant-la-semaine-nationale-des-metiers-specialises-et-des-technologies\/#primaryimage"},"image":{"@id":"https:\/\/www.skillscompetencescanada.com\/fr\/equipe-canada-worldskills-2017-se-rend-au-parlement-durant-la-semaine-nationale-des-metiers-specialises-et-des-technologies\/#primaryimage"},"thumbnailUrl":"https:\/\/www.skillscompetencescanada.com\/wp-content\/uploads\/2017\/11\/Photo-for-Press-Release_9nov17.jpg","datePublished":"2017-11-22T19:27:15+00:00","dateModified":"2017-11-27T18:33:18+00:00","breadcrumb":{"@id":"https:\/\/www.skillscompetencescanada.com\/fr\/equipe-canada-worldskills-2017-se-rend-au-parlement-durant-la-semaine-nationale-des-metiers-specialises-et-des-technologies\/#breadcrumb"},"inLanguage":"fr-FR","potentialAction":[{"@type":"ReadAction","target":["https:\/\/www.skillscompetencescanada.com\/fr\/equipe-canada-worldskills-2017-se-rend-au-parlement-durant-la-semaine-nationale-des-metiers-specialises-et-des-technologies\/"]}]},{"@type":"ImageObject","inLanguage":"fr-FR","@id":"https:\/\/www.skillscompetencescanada.com\/fr\/equipe-canada-worldskills-2017-se-rend-au-parlement-durant-la-semaine-nationale-des-metiers-specialises-et-des-technologies\/#primaryimage","url":"https:\/\/www.skillscompetencescanada.com\/wp-content\/uploads\/2017\/11\/Photo-for-Press-Release_9nov17.jpg","contentUrl":"https:\/\/www.skillscompetencescanada.com\/wp-content\/uploads\/2017\/11\/Photo-for-Press-Release_9nov17.jpg","width":3745,"height":2492,"caption":"Les membres d'\u00c9quipe Canada WorldSkills 2017 avec l\u2019honorable Patty Hajdu, ministre de l\u2019Emploi, du D\u00e9veloppement de la main-d'\u0153uvre et du Travail, Shaun Thorson, chef de la direction de Skills\/Comp\u00e9tences Canada (SCC), Lisa Frizzell du conseil d\u2019administration national de SCC, et Luc Morin, chef d\u2019\u00e9quipe, au Parlement, \u00e0 Ottawa."},{"@type":"BreadcrumbList","@id":"https:\/\/www.skillscompetencescanada.com\/fr\/equipe-canada-worldskills-2017-se-rend-au-parlement-durant-la-semaine-nationale-des-metiers-specialises-et-des-technologies\/#breadcrumb","itemListElement":[{"@type":"ListItem","position":1,"name":"Home","item":"https:\/\/www.skillscompetencescanada.com\/fr\/"},{"@type":"ListItem","position":2,"name":"\u00c9quipe Canada WorldSkills 2017 se rend au Parlement durant la Semaine nationale des m\u00e9tiers sp\u00e9cialis\u00e9s et des technologies"}]},{"@type":"WebSite","@id":"https:\/\/www.skillscompetencescanada.com\/fr\/#website","url":"https:\/\/www.skillscompetencescanada.com\/fr\/","name":"Skills Competences Canada","description":"","publisher":{"@id":"https:\/\/www.skillscompetencescanada.com\/fr\/#organization"},"potentialAction":[{"@type":"SearchAction","target":{"@type":"EntryPoint","urlTemplate":"https:\/\/www.skillscompetencescanada.com\/fr\/?s={search_term_string}"},"query-input":{"@type":"PropertyValueSpecification","valueRequired":true,"valueName":"search_term_string"}}],"inLanguage":"fr-FR"},{"@type":"Organization","@id":"https:\/\/www.skillscompetencescanada.com\/fr\/#organization","name":"skills competences canada","url":"https:\/\/www.skillscompetencescanada.com\/fr\/","logo":{"@type":"ImageObject","inLanguage":"fr-FR","@id":"https:\/\/www.skillscompetencescanada.com\/fr\/#\/schema\/logo\/image\/","url":"http:\/\/skillscompetencescanada.com\/wp-content\/uploads\/2016\/09\/avatar-admin-96x96-1.jpg","contentUrl":"http:\/\/skillscompetencescanada.com\/wp-content\/uploads\/2016\/09\/avatar-admin-96x96-1.jpg","width":96,"height":96,"caption":"skills competences canada"},"image":{"@id":"https:\/\/www.skillscompetencescanada.com\/fr\/#\/schema\/logo\/image\/"}},{"@type":"Person","@id":"https:\/\/www.skillscompetencescanada.com\/fr\/#\/schema\/person\/bab96234a54c48991ab0f91d48ea8605","name":"Sharon C","url":"https:\/\/www.skillscompetencescanada.com\/fr\/author\/sharon\/"}]}},"_links":{"self":[{"href":"https:\/\/www.skillscompetencescanada.com\/fr\/wp-json\/wp\/v2\/posts\/57781","targetHints":{"allow":["GET"]}}],"collection":[{"href":"https:\/\/www.skillscompetencescanada.com\/fr\/wp-json\/wp\/v2\/posts"}],"about":[{"href":"https:\/\/www.skillscompetencescanada.com\/fr\/wp-json\/wp\/v2\/types\/post"}],"author":[{"embeddable":true,"href":"https:\/\/www.skillscompetencescanada.com\/fr\/wp-json\/wp\/v2\/users\/5"}],"replies":[{"embeddable":true,"href":"https:\/\/www.skillscompetencescanada.com\/fr\/wp-json\/wp\/v2\/comments?post=57781"}],"version-history":[{"count":0,"href":"https:\/\/www.skillscompetencescanada.com\/fr\/wp-json\/wp\/v2\/posts\/57781\/revisions"}],"wp:featuredmedia":[{"embeddable":true,"href":"https:\/\/www.skillscompetencescanada.com\/fr\/wp-json\/wp\/v2\/media\/57774"}],"wp:attachment":[{"href":"https:\/\/www.skillscompetencescanada.com\/fr\/wp-json\/wp\/v2\/media?parent=57781"}],"wp:term":[{"taxonomy":"category","embeddable":true,"href":"https:\/\/www.skillscompetencescanada.com\/fr\/wp-json\/wp\/v2\/categories?post=57781"},{"taxonomy":"post_tag","embeddable":true,"href":"https:\/\/www.skillscompetencescanada.com\/fr\/wp-json\/wp\/v2\/tags?post=57781"}],"curies":[{"name":"wp","href":"https:\/\/api.w.org\/{rel}","templated":true}]}}