{"id":61941,"date":"2018-11-06T09:43:41","date_gmt":"2018-11-06T14:43:41","guid":{"rendered":"https:\/\/www.skillscompetencescanada.com\/?p=61941"},"modified":"2018-11-06T09:46:24","modified_gmt":"2018-11-06T14:46:24","slug":"des-eleves-et-des-invites-reunis-a-halifax-pour-le-lancement-de-la-14e-semaine-nationale-des-metiers-specialises-et-des-technologies","status":"publish","type":"post","link":"https:\/\/www.skillscompetencescanada.com\/fr\/des-eleves-et-des-invites-reunis-a-halifax-pour-le-lancement-de-la-14e-semaine-nationale-des-metiers-specialises-et-des-technologies\/","title":{"rendered":"Des \u00e9l\u00e8ves et des invit\u00e9s r\u00e9unis \u00e0 Halifax pour le lancement de la 14e Semaine nationale des m\u00e9tiers sp\u00e9cialis\u00e9s et des technologies"},"content":{"rendered":"<p style=\"text-align: center\"><strong>Des \u00e9l\u00e8ves et des invit\u00e9s r\u00e9unis \u00e0 Halifax pour le lancement de la 14e\u00a0Semaine nationale des m\u00e9tiers sp\u00e9cialis\u00e9s et des technologies<\/strong><\/p>\n<p><a href=\"https:\/\/www.skillscompetencescanada.com\/wp-content\/uploads\/2018\/11\/NSTTW-Photo.jpeg\"><img decoding=\"async\" class=\"size-full wp-image-61937 aligncenter\" src=\"https:\/\/www.skillscompetencescanada.com\/wp-content\/uploads\/2018\/11\/NSTTW-Photo.jpeg\" alt=\"\" width=\"320\" height=\"240\" \/><\/a><\/p>\n<p>&nbsp;<\/p>\n<p>Ottawa (Ont.), 6 novembre 2018 \u2014 Skills\/Comp\u00e9tences Canada (SCC) a fi\u00e8rement proc\u00e9d\u00e9 au lancement de sa 14e\u00a0Semaine nationale des m\u00e9tiers sp\u00e9cialis\u00e9s et des technologies (MST), qui vise \u00e0 promouvoir aupr\u00e8s des \u00e9l\u00e8ves et des enseignants les remarquables possibilit\u00e9s de carri\u00e8re dans ces domaines partout au Canada.<\/p>\n<p>SCC, en partenariat avec la Nova Scotia Apprenticeship Agency, a tenu le lancement officiel de la Semaine des MST le 6 novembre, au Centre des congr\u00e8s d\u2019Halifax. Parmi les invit\u00e9s sp\u00e9ciaux figuraient Hugh MacKay, d\u00e9put\u00e9 de Chester-St. Margaret\u2019s, au nom de Labi Kousoulis, ministre du Labour and Advanced Education; Sherry Holmes, vedette des \u00e9missions Holmes Inspection, Holmes Makes it Right et Holmes: Next Generation, au r\u00e9seau HGTV; John Oates, pr\u00e9sident de Skills\/Comp\u00e9tences Canada; Shaun Thorson, directeur g\u00e9n\u00e9ral de SCC; Marjorie Davison, directrice g\u00e9n\u00e9rale de la Nova Scotia Apprenticeship Agency; Marina Turbide, m\u00e9daill\u00e9e d\u2019argent au concours Recherche d\u2019emploi, aux Olympiades canadiennes des m\u00e9tiers et des technologies 2017, et Ryan Leedham, m\u00e9daill\u00e9 d\u2019argent au concours Entretien d\u2019a\u00e9ronefs, au Mondial des m\u00e9tiers\u00a02015. Un concours de peinture automobile virtuelle a \u00e9t\u00e9 organis\u00e9 \u00e0 l\u2019occasion du lancement, dans le cadre duquel les membres des \u00e9quipes se relayaient pour accomplir les t\u00e2ches. Leanne Jeffries, directrice du Programme de carrosserie de SCC, servait de juge et de commentateur pour le d\u00e9fi. Skills\/Comp\u00e9tences Canada a profit\u00e9 du lancement pour annoncer que les 25es\u00a0Olympiades canadiennes des m\u00e9tiers et des technologies auront lieu \u00e0 Halifax, les 28 et 29 mai 2019, au Centre des congr\u00e8s d\u2019Halifax.<\/p>\n<p>Apr\u00e8s le lancement officiel, environ 500 \u00e9l\u00e8ves d\u2019\u00e9coles secondaires et d\u2019institutions postsecondaires de la r\u00e9gion ont particip\u00e9 \u00e0 plus de 30 activit\u00e9s Essaie un m\u00e9tier et une technologie, anim\u00e9es par des enseignants et des experts de l\u2019industrie. Ces activit\u00e9s pr\u00e9sentaient divers domaines\u00a0: l\u2019esth\u00e9tique, le soudage (activit\u00e9 virtuelle), la carrosserie, l\u2019usinage de pr\u00e9cision, le dessin industriel CDAO, et bien d\u2019autres. Tout au cours de la journ\u00e9e, les \u00e9l\u00e8ves ont pu prendre connaissance des cheminements scolaires et professionnels, tant int\u00e9ressants qu\u2019importants, au sein de multiples m\u00e9tiers et secteurs technologiques.<\/p>\n<p>\u00ab\u00a0\u00c9tant donn\u00e9 l\u2019importante \u00e9volution de la technologie et des comp\u00e9tences num\u00e9riques, les gens de m\u00e9tiers doivent savoir utiliser les outils num\u00e9riques de leur domaine. La Semaine nationale des m\u00e9tiers sp\u00e9cialis\u00e9s et des technologies a \u00e9t\u00e9 cr\u00e9\u00e9e pour susciter l\u2019int\u00e9r\u00eat et encourager les discussions au sujet des multiples professions importantes qu\u2019offrent ces domaines sp\u00e9cialis\u00e9s, et mettre en relief les comp\u00e9tences requises pour r\u00e9ussir\u00a0\u00bb, a d\u00e9clar\u00e9 Shaun Thorson, directeur g\u00e9n\u00e9ral de Skills\/Comp\u00e9tences Canada.<\/p>\n<p>&nbsp;<\/p>\n<p>&nbsp;<\/p>\n<p>&nbsp;<\/p>\n<p>Tout au cours de la semaine, les organismes membres dans les provinces et les territoires tiendront aussi des activit\u00e9s visant \u00e0 promouvoir les m\u00e9tiers et les technologies au pays. Pour des pr\u00e9cisions \u00e0 ce sujet, visitez la page consacr\u00e9e \u00e0 la Semaine des MST, sur le site Web de Skills\/Comp\u00e9tences Canada.<\/p>\n<p>&nbsp;<\/p>\n<p>En outre, la rencontre a mis en relief l\u2019importance de la formation continue, l\u2019une des neuf comp\u00e9tences essentielles aux professions dans les m\u00e9tiers et les technologies. Selon le Conseil consultatif en mati\u00e8re de croissance \u00e9conomique, d\u2019ici 2030, si la progression de l\u2019automatisation se poursuit, celle-ci \u00e9liminera pr\u00e8s d\u2019un quart des t\u00e2ches effectu\u00e9es par des travailleurs et des travailleuses du Canada. Certaines des personnes touch\u00e9es pourront se trouver un autre emploi dans un domaine identique ou connexe, mais on s\u2019attend \u00e0 ce que de 10 \u00e0 20\u00a0% de la main-d\u2019\u0153uvre perde son emploi et ait de la difficult\u00e9 \u00e0 s\u2019en trouver un nouveau, \u00e0 moins d\u2019obtenir de nouvelles qualifications. Pour obtenir des pr\u00e9cisions au sujet des neuf comp\u00e9tences essentielles, rendez-vous \u00e0 la page Web pr\u00e9sentant les comp\u00e9tences essentielles.<\/p>\n<p>Skills\/Comp\u00e9tences Canada<br \/>\nFond\u00e9 en 1989, Skills\/Comp\u00e9tences Canada (SCC) est une organisation nationale \u00e0 but non lucratif. Comptant des organismes membres dans toutes les provinces et tous les territoires, SCC, de concert avec les employeurs, les enseignants, les syndicats et les gouvernements, fait la promotion des professions dans les m\u00e9tiers et les technologies aupr\u00e8s des jeunes. Gr\u00e2ce aux liens uniques que SCC entretient avec des partenaires des secteurs priv\u00e9 et public, l\u2019organisation est en mesure de contribuer \u00e0 combler les besoins futurs du Canada en main-d\u2019\u0153uvre qualifi\u00e9e, tout en permettant aux jeunes de d\u00e9couvrir des carri\u00e8res gratifiantes. SCC offre des occasions d\u2019apprentissage exp\u00e9rientielles, dont des concours pour des m\u00e9tiers sp\u00e9cialis\u00e9s et des technologies auxquels participent des centaines de milliers d\u2019\u00e9l\u00e8ves, aux niveaux r\u00e9gional, provincial, territorial et international, ainsi que des programmes de sensibilisation aux m\u00e9tiers sp\u00e9cialis\u00e9s. Le bureau national de Skills\/Comp\u00e9tences Canada, repr\u00e9sentant officiel du pays au sein de WorldSkills, est situ\u00e9 \u00e0 Ottawa, en Ontario. Pour de plus ample information, rendez-vous \u00e0 www.skillscompetencescanada.ca, ou appelez au 877-754-5226.<\/p>\n<p>Suivez Skills\/Comp\u00e9tences\u00a0Canada\u00a0sur Twitter, Facebook,\u00a0YouTube, Flickr et Instagram.<\/p>\n<p>&nbsp;<\/p>\n<p>\u201330\u2013<\/p>\n<p>&nbsp;<\/p>\n<p>Renseignements aux m\u00e9dias\u00a0: Mich\u00e8le Rogerson, 613-266-4771, micheler@skillscanada.com.<\/p>\n<p>&nbsp;<\/p>\n","protected":false},"excerpt":{"rendered":"<p>Des \u00e9l\u00e8ves et des invit\u00e9s r\u00e9unis \u00e0 Halifax pour le lancement de la 14e\u00a0Semaine nationale des m\u00e9tiers sp\u00e9cialis\u00e9s et des technologies &nbsp; Ottawa (Ont.), 6 novembre 2018 \u2014 Skills\/Comp\u00e9tences Canada<\/p>\n","protected":false},"author":3,"featured_media":77775,"comment_status":"closed","ping_status":"closed","sticky":false,"template":"","format":"standard","meta":{"_acf_changed":false,"site-sidebar-layout":"default","site-content-layout":"","ast-site-content-layout":"default","site-content-style":"default","site-sidebar-style":"default","ast-global-header-display":"","ast-banner-title-visibility":"","ast-main-header-display":"","ast-hfb-above-header-display":"","ast-hfb-below-header-display":"","ast-hfb-mobile-header-display":"","site-post-title":"","ast-breadcrumbs-content":"","ast-featured-img":"","footer-sml-layout":"","ast-disable-related-posts":"","theme-transparent-header-meta":"","adv-header-id-meta":"","stick-header-meta":"","header-above-stick-meta":"","header-main-stick-meta":"","header-below-stick-meta":"","astra-migrate-meta-layouts":"default","ast-page-background-enabled":"default","ast-page-background-meta":{"desktop":{"background-color":"","background-image":"","background-repeat":"repeat","background-position":"center center","background-size":"auto","background-attachment":"scroll","background-type":"","background-media":"","overlay-type":"","overlay-color":"","overlay-opacity":"","overlay-gradient":""},"tablet":{"background-color":"","background-image":"","background-repeat":"repeat","background-position":"center center","background-size":"auto","background-attachment":"scroll","background-type":"","background-media":"","overlay-type":"","overlay-color":"","overlay-opacity":"","overlay-gradient":""},"mobile":{"background-color":"","background-image":"","background-repeat":"repeat","background-position":"center center","background-size":"auto","background-attachment":"scroll","background-type":"","background-media":"","overlay-type":"","overlay-color":"","overlay-opacity":"","overlay-gradient":""}},"ast-content-background-meta":{"desktop":{"background-color":"var(--ast-global-color-5)","background-image":"","background-repeat":"repeat","background-position":"center center","background-size":"auto","background-attachment":"scroll","background-type":"","background-media":"","overlay-type":"","overlay-color":"","overlay-opacity":"","overlay-gradient":""},"tablet":{"background-color":"var(--ast-global-color-5)","background-image":"","background-repeat":"repeat","background-position":"center center","background-size":"auto","background-attachment":"scroll","background-type":"","background-media":"","overlay-type":"","overlay-color":"","overlay-opacity":"","overlay-gradient":""},"mobile":{"background-color":"var(--ast-global-color-5)","background-image":"","background-repeat":"repeat","background-position":"center center","background-size":"auto","background-attachment":"scroll","background-type":"","background-media":"","overlay-type":"","overlay-color":"","overlay-opacity":"","overlay-gradient":""}},"footnotes":""},"categories":[306],"tags":[],"class_list":["post-61941","post","type-post","status-publish","format-standard","has-post-thumbnail","hentry","category-communiques-de-presse"],"acf":[],"yoast_head":"<!-- This site is optimized with the Yoast SEO plugin v27.4 - https:\/\/yoast.com\/product\/yoast-seo-wordpress\/ -->\n<title>Des \u00e9l\u00e8ves et des invit\u00e9s r\u00e9unis \u00e0 Halifax pour le lancement de la 14e Semaine nationale des m\u00e9tiers sp\u00e9cialis\u00e9s et des technologies - Skills Competences Canada<\/title>\n<meta name=\"robots\" content=\"index, follow, max-snippet:-1, max-image-preview:large, max-video-preview:-1\" \/>\n<link rel=\"canonical\" href=\"https:\/\/www.skillscompetencescanada.com\/fr\/des-eleves-et-des-invites-reunis-a-halifax-pour-le-lancement-de-la-14e-semaine-nationale-des-metiers-specialises-et-des-technologies\/\" \/>\n<meta name=\"twitter:label1\" content=\"\u00c9crit par\" \/>\n\t<meta name=\"twitter:data1\" content=\"Brad\" \/>\n\t<meta name=\"twitter:label2\" content=\"Dur\u00e9e de lecture estim\u00e9e\" \/>\n\t<meta name=\"twitter:data2\" content=\"5 minutes\" \/>\n<script type=\"application\/ld+json\" class=\"yoast-schema-graph\">{\"@context\":\"https:\\\/\\\/schema.org\",\"@graph\":[{\"@type\":\"Article\",\"@id\":\"https:\\\/\\\/www.skillscompetencescanada.com\\\/fr\\\/des-eleves-et-des-invites-reunis-a-halifax-pour-le-lancement-de-la-14e-semaine-nationale-des-metiers-specialises-et-des-technologies\\\/#article\",\"isPartOf\":{\"@id\":\"https:\\\/\\\/www.skillscompetencescanada.com\\\/fr\\\/des-eleves-et-des-invites-reunis-a-halifax-pour-le-lancement-de-la-14e-semaine-nationale-des-metiers-specialises-et-des-technologies\\\/\"},\"author\":{\"name\":\"Brad\",\"@id\":\"https:\\\/\\\/www.skillscompetencescanada.com\\\/fr\\\/#\\\/schema\\\/person\\\/402ff1bab3fa80eafc7429a9d3391033\"},\"headline\":\"Des \u00e9l\u00e8ves et des invit\u00e9s r\u00e9unis \u00e0 Halifax pour le lancement de la 14e Semaine nationale des m\u00e9tiers sp\u00e9cialis\u00e9s et des technologies\",\"datePublished\":\"2018-11-06T14:43:41+00:00\",\"dateModified\":\"2018-11-06T14:46:24+00:00\",\"mainEntityOfPage\":{\"@id\":\"https:\\\/\\\/www.skillscompetencescanada.com\\\/fr\\\/des-eleves-et-des-invites-reunis-a-halifax-pour-le-lancement-de-la-14e-semaine-nationale-des-metiers-specialises-et-des-technologies\\\/\"},\"wordCount\":944,\"publisher\":{\"@id\":\"https:\\\/\\\/www.skillscompetencescanada.com\\\/fr\\\/#organization\"},\"image\":{\"@id\":\"https:\\\/\\\/www.skillscompetencescanada.com\\\/fr\\\/des-eleves-et-des-invites-reunis-a-halifax-pour-le-lancement-de-la-14e-semaine-nationale-des-metiers-specialises-et-des-technologies\\\/#primaryimage\"},\"thumbnailUrl\":\"https:\\\/\\\/www.skillscompetencescanada.com\\\/wp-content\\\/uploads\\\/2021\\\/03\\\/default_grey.png\",\"articleSection\":[\"Communiqu\u00e9s de presse\"],\"inLanguage\":\"fr-FR\"},{\"@type\":\"WebPage\",\"@id\":\"https:\\\/\\\/www.skillscompetencescanada.com\\\/fr\\\/des-eleves-et-des-invites-reunis-a-halifax-pour-le-lancement-de-la-14e-semaine-nationale-des-metiers-specialises-et-des-technologies\\\/\",\"url\":\"https:\\\/\\\/www.skillscompetencescanada.com\\\/fr\\\/des-eleves-et-des-invites-reunis-a-halifax-pour-le-lancement-de-la-14e-semaine-nationale-des-metiers-specialises-et-des-technologies\\\/\",\"name\":\"Des \u00e9l\u00e8ves et des invit\u00e9s r\u00e9unis \u00e0 Halifax pour le lancement de la 14e Semaine nationale des m\u00e9tiers sp\u00e9cialis\u00e9s et des technologies - Skills Competences Canada\",\"isPartOf\":{\"@id\":\"https:\\\/\\\/www.skillscompetencescanada.com\\\/fr\\\/#website\"},\"primaryImageOfPage\":{\"@id\":\"https:\\\/\\\/www.skillscompetencescanada.com\\\/fr\\\/des-eleves-et-des-invites-reunis-a-halifax-pour-le-lancement-de-la-14e-semaine-nationale-des-metiers-specialises-et-des-technologies\\\/#primaryimage\"},\"image\":{\"@id\":\"https:\\\/\\\/www.skillscompetencescanada.com\\\/fr\\\/des-eleves-et-des-invites-reunis-a-halifax-pour-le-lancement-de-la-14e-semaine-nationale-des-metiers-specialises-et-des-technologies\\\/#primaryimage\"},\"thumbnailUrl\":\"https:\\\/\\\/www.skillscompetencescanada.com\\\/wp-content\\\/uploads\\\/2021\\\/03\\\/default_grey.png\",\"datePublished\":\"2018-11-06T14:43:41+00:00\",\"dateModified\":\"2018-11-06T14:46:24+00:00\",\"breadcrumb\":{\"@id\":\"https:\\\/\\\/www.skillscompetencescanada.com\\\/fr\\\/des-eleves-et-des-invites-reunis-a-halifax-pour-le-lancement-de-la-14e-semaine-nationale-des-metiers-specialises-et-des-technologies\\\/#breadcrumb\"},\"inLanguage\":\"fr-FR\",\"potentialAction\":[{\"@type\":\"ReadAction\",\"target\":[\"https:\\\/\\\/www.skillscompetencescanada.com\\\/fr\\\/des-eleves-et-des-invites-reunis-a-halifax-pour-le-lancement-de-la-14e-semaine-nationale-des-metiers-specialises-et-des-technologies\\\/\"]}]},{\"@type\":\"ImageObject\",\"inLanguage\":\"fr-FR\",\"@id\":\"https:\\\/\\\/www.skillscompetencescanada.com\\\/fr\\\/des-eleves-et-des-invites-reunis-a-halifax-pour-le-lancement-de-la-14e-semaine-nationale-des-metiers-specialises-et-des-technologies\\\/#primaryimage\",\"url\":\"https:\\\/\\\/www.skillscompetencescanada.com\\\/wp-content\\\/uploads\\\/2021\\\/03\\\/default_grey.png\",\"contentUrl\":\"https:\\\/\\\/www.skillscompetencescanada.com\\\/wp-content\\\/uploads\\\/2021\\\/03\\\/default_grey.png\",\"width\":1087,\"height\":540},{\"@type\":\"BreadcrumbList\",\"@id\":\"https:\\\/\\\/www.skillscompetencescanada.com\\\/fr\\\/des-eleves-et-des-invites-reunis-a-halifax-pour-le-lancement-de-la-14e-semaine-nationale-des-metiers-specialises-et-des-technologies\\\/#breadcrumb\",\"itemListElement\":[{\"@type\":\"ListItem\",\"position\":1,\"name\":\"Home\",\"item\":\"https:\\\/\\\/www.skillscompetencescanada.com\\\/fr\\\/\"},{\"@type\":\"ListItem\",\"position\":2,\"name\":\"Des \u00e9l\u00e8ves et des invit\u00e9s r\u00e9unis \u00e0 Halifax pour le lancement de la 14e Semaine nationale des m\u00e9tiers sp\u00e9cialis\u00e9s et des technologies\"}]},{\"@type\":\"WebSite\",\"@id\":\"https:\\\/\\\/www.skillscompetencescanada.com\\\/fr\\\/#website\",\"url\":\"https:\\\/\\\/www.skillscompetencescanada.com\\\/fr\\\/\",\"name\":\"Skills Competences Canada\",\"description\":\"\",\"publisher\":{\"@id\":\"https:\\\/\\\/www.skillscompetencescanada.com\\\/fr\\\/#organization\"},\"potentialAction\":[{\"@type\":\"SearchAction\",\"target\":{\"@type\":\"EntryPoint\",\"urlTemplate\":\"https:\\\/\\\/www.skillscompetencescanada.com\\\/fr\\\/?s={search_term_string}\"},\"query-input\":{\"@type\":\"PropertyValueSpecification\",\"valueRequired\":true,\"valueName\":\"search_term_string\"}}],\"inLanguage\":\"fr-FR\"},{\"@type\":\"Organization\",\"@id\":\"https:\\\/\\\/www.skillscompetencescanada.com\\\/fr\\\/#organization\",\"name\":\"skills competences canada\",\"url\":\"https:\\\/\\\/www.skillscompetencescanada.com\\\/fr\\\/\",\"logo\":{\"@type\":\"ImageObject\",\"inLanguage\":\"fr-FR\",\"@id\":\"https:\\\/\\\/www.skillscompetencescanada.com\\\/fr\\\/#\\\/schema\\\/logo\\\/image\\\/\",\"url\":\"http:\\\/\\\/skillscompetencescanada.com\\\/wp-content\\\/uploads\\\/2016\\\/09\\\/avatar-admin-96x96-1.jpg\",\"contentUrl\":\"http:\\\/\\\/skillscompetencescanada.com\\\/wp-content\\\/uploads\\\/2016\\\/09\\\/avatar-admin-96x96-1.jpg\",\"width\":96,\"height\":96,\"caption\":\"skills competences canada\"},\"image\":{\"@id\":\"https:\\\/\\\/www.skillscompetencescanada.com\\\/fr\\\/#\\\/schema\\\/logo\\\/image\\\/\"}},{\"@type\":\"Person\",\"@id\":\"https:\\\/\\\/www.skillscompetencescanada.com\\\/fr\\\/#\\\/schema\\\/person\\\/402ff1bab3fa80eafc7429a9d3391033\",\"name\":\"Brad\",\"url\":\"https:\\\/\\\/www.skillscompetencescanada.com\\\/fr\\\/author\\\/amanda\\\/\"}]}<\/script>\n<!-- \/ Yoast SEO plugin. -->","yoast_head_json":{"title":"Des \u00e9l\u00e8ves et des invit\u00e9s r\u00e9unis \u00e0 Halifax pour le lancement de la 14e Semaine nationale des m\u00e9tiers sp\u00e9cialis\u00e9s et des technologies - Skills Competences Canada","robots":{"index":"index","follow":"follow","max-snippet":"max-snippet:-1","max-image-preview":"max-image-preview:large","max-video-preview":"max-video-preview:-1"},"canonical":"https:\/\/www.skillscompetencescanada.com\/fr\/des-eleves-et-des-invites-reunis-a-halifax-pour-le-lancement-de-la-14e-semaine-nationale-des-metiers-specialises-et-des-technologies\/","twitter_misc":{"\u00c9crit par":"Brad","Dur\u00e9e de lecture estim\u00e9e":"5 minutes"},"schema":{"@context":"https:\/\/schema.org","@graph":[{"@type":"Article","@id":"https:\/\/www.skillscompetencescanada.com\/fr\/des-eleves-et-des-invites-reunis-a-halifax-pour-le-lancement-de-la-14e-semaine-nationale-des-metiers-specialises-et-des-technologies\/#article","isPartOf":{"@id":"https:\/\/www.skillscompetencescanada.com\/fr\/des-eleves-et-des-invites-reunis-a-halifax-pour-le-lancement-de-la-14e-semaine-nationale-des-metiers-specialises-et-des-technologies\/"},"author":{"name":"Brad","@id":"https:\/\/www.skillscompetencescanada.com\/fr\/#\/schema\/person\/402ff1bab3fa80eafc7429a9d3391033"},"headline":"Des \u00e9l\u00e8ves et des invit\u00e9s r\u00e9unis \u00e0 Halifax pour le lancement de la 14e Semaine nationale des m\u00e9tiers sp\u00e9cialis\u00e9s et des technologies","datePublished":"2018-11-06T14:43:41+00:00","dateModified":"2018-11-06T14:46:24+00:00","mainEntityOfPage":{"@id":"https:\/\/www.skillscompetencescanada.com\/fr\/des-eleves-et-des-invites-reunis-a-halifax-pour-le-lancement-de-la-14e-semaine-nationale-des-metiers-specialises-et-des-technologies\/"},"wordCount":944,"publisher":{"@id":"https:\/\/www.skillscompetencescanada.com\/fr\/#organization"},"image":{"@id":"https:\/\/www.skillscompetencescanada.com\/fr\/des-eleves-et-des-invites-reunis-a-halifax-pour-le-lancement-de-la-14e-semaine-nationale-des-metiers-specialises-et-des-technologies\/#primaryimage"},"thumbnailUrl":"https:\/\/www.skillscompetencescanada.com\/wp-content\/uploads\/2021\/03\/default_grey.png","articleSection":["Communiqu\u00e9s de presse"],"inLanguage":"fr-FR"},{"@type":"WebPage","@id":"https:\/\/www.skillscompetencescanada.com\/fr\/des-eleves-et-des-invites-reunis-a-halifax-pour-le-lancement-de-la-14e-semaine-nationale-des-metiers-specialises-et-des-technologies\/","url":"https:\/\/www.skillscompetencescanada.com\/fr\/des-eleves-et-des-invites-reunis-a-halifax-pour-le-lancement-de-la-14e-semaine-nationale-des-metiers-specialises-et-des-technologies\/","name":"Des \u00e9l\u00e8ves et des invit\u00e9s r\u00e9unis \u00e0 Halifax pour le lancement de la 14e Semaine nationale des m\u00e9tiers sp\u00e9cialis\u00e9s et des technologies - Skills Competences Canada","isPartOf":{"@id":"https:\/\/www.skillscompetencescanada.com\/fr\/#website"},"primaryImageOfPage":{"@id":"https:\/\/www.skillscompetencescanada.com\/fr\/des-eleves-et-des-invites-reunis-a-halifax-pour-le-lancement-de-la-14e-semaine-nationale-des-metiers-specialises-et-des-technologies\/#primaryimage"},"image":{"@id":"https:\/\/www.skillscompetencescanada.com\/fr\/des-eleves-et-des-invites-reunis-a-halifax-pour-le-lancement-de-la-14e-semaine-nationale-des-metiers-specialises-et-des-technologies\/#primaryimage"},"thumbnailUrl":"https:\/\/www.skillscompetencescanada.com\/wp-content\/uploads\/2021\/03\/default_grey.png","datePublished":"2018-11-06T14:43:41+00:00","dateModified":"2018-11-06T14:46:24+00:00","breadcrumb":{"@id":"https:\/\/www.skillscompetencescanada.com\/fr\/des-eleves-et-des-invites-reunis-a-halifax-pour-le-lancement-de-la-14e-semaine-nationale-des-metiers-specialises-et-des-technologies\/#breadcrumb"},"inLanguage":"fr-FR","potentialAction":[{"@type":"ReadAction","target":["https:\/\/www.skillscompetencescanada.com\/fr\/des-eleves-et-des-invites-reunis-a-halifax-pour-le-lancement-de-la-14e-semaine-nationale-des-metiers-specialises-et-des-technologies\/"]}]},{"@type":"ImageObject","inLanguage":"fr-FR","@id":"https:\/\/www.skillscompetencescanada.com\/fr\/des-eleves-et-des-invites-reunis-a-halifax-pour-le-lancement-de-la-14e-semaine-nationale-des-metiers-specialises-et-des-technologies\/#primaryimage","url":"https:\/\/www.skillscompetencescanada.com\/wp-content\/uploads\/2021\/03\/default_grey.png","contentUrl":"https:\/\/www.skillscompetencescanada.com\/wp-content\/uploads\/2021\/03\/default_grey.png","width":1087,"height":540},{"@type":"BreadcrumbList","@id":"https:\/\/www.skillscompetencescanada.com\/fr\/des-eleves-et-des-invites-reunis-a-halifax-pour-le-lancement-de-la-14e-semaine-nationale-des-metiers-specialises-et-des-technologies\/#breadcrumb","itemListElement":[{"@type":"ListItem","position":1,"name":"Home","item":"https:\/\/www.skillscompetencescanada.com\/fr\/"},{"@type":"ListItem","position":2,"name":"Des \u00e9l\u00e8ves et des invit\u00e9s r\u00e9unis \u00e0 Halifax pour le lancement de la 14e Semaine nationale des m\u00e9tiers sp\u00e9cialis\u00e9s et des technologies"}]},{"@type":"WebSite","@id":"https:\/\/www.skillscompetencescanada.com\/fr\/#website","url":"https:\/\/www.skillscompetencescanada.com\/fr\/","name":"Skills Competences Canada","description":"","publisher":{"@id":"https:\/\/www.skillscompetencescanada.com\/fr\/#organization"},"potentialAction":[{"@type":"SearchAction","target":{"@type":"EntryPoint","urlTemplate":"https:\/\/www.skillscompetencescanada.com\/fr\/?s={search_term_string}"},"query-input":{"@type":"PropertyValueSpecification","valueRequired":true,"valueName":"search_term_string"}}],"inLanguage":"fr-FR"},{"@type":"Organization","@id":"https:\/\/www.skillscompetencescanada.com\/fr\/#organization","name":"skills competences canada","url":"https:\/\/www.skillscompetencescanada.com\/fr\/","logo":{"@type":"ImageObject","inLanguage":"fr-FR","@id":"https:\/\/www.skillscompetencescanada.com\/fr\/#\/schema\/logo\/image\/","url":"http:\/\/skillscompetencescanada.com\/wp-content\/uploads\/2016\/09\/avatar-admin-96x96-1.jpg","contentUrl":"http:\/\/skillscompetencescanada.com\/wp-content\/uploads\/2016\/09\/avatar-admin-96x96-1.jpg","width":96,"height":96,"caption":"skills competences canada"},"image":{"@id":"https:\/\/www.skillscompetencescanada.com\/fr\/#\/schema\/logo\/image\/"}},{"@type":"Person","@id":"https:\/\/www.skillscompetencescanada.com\/fr\/#\/schema\/person\/402ff1bab3fa80eafc7429a9d3391033","name":"Brad","url":"https:\/\/www.skillscompetencescanada.com\/fr\/author\/amanda\/"}]}},"_links":{"self":[{"href":"https:\/\/www.skillscompetencescanada.com\/fr\/wp-json\/wp\/v2\/posts\/61941","targetHints":{"allow":["GET"]}}],"collection":[{"href":"https:\/\/www.skillscompetencescanada.com\/fr\/wp-json\/wp\/v2\/posts"}],"about":[{"href":"https:\/\/www.skillscompetencescanada.com\/fr\/wp-json\/wp\/v2\/types\/post"}],"author":[{"embeddable":true,"href":"https:\/\/www.skillscompetencescanada.com\/fr\/wp-json\/wp\/v2\/users\/3"}],"replies":[{"embeddable":true,"href":"https:\/\/www.skillscompetencescanada.com\/fr\/wp-json\/wp\/v2\/comments?post=61941"}],"version-history":[{"count":0,"href":"https:\/\/www.skillscompetencescanada.com\/fr\/wp-json\/wp\/v2\/posts\/61941\/revisions"}],"wp:featuredmedia":[{"embeddable":true,"href":"https:\/\/www.skillscompetencescanada.com\/fr\/wp-json\/wp\/v2\/media\/77775"}],"wp:attachment":[{"href":"https:\/\/www.skillscompetencescanada.com\/fr\/wp-json\/wp\/v2\/media?parent=61941"}],"wp:term":[{"taxonomy":"category","embeddable":true,"href":"https:\/\/www.skillscompetencescanada.com\/fr\/wp-json\/wp\/v2\/categories?post=61941"},{"taxonomy":"post_tag","embeddable":true,"href":"https:\/\/www.skillscompetencescanada.com\/fr\/wp-json\/wp\/v2\/tags?post=61941"}],"curies":[{"name":"wp","href":"https:\/\/api.w.org\/{rel}","templated":true}]}}