{"id":67094,"date":"2019-11-05T12:38:34","date_gmt":"2019-11-05T17:38:34","guid":{"rendered":"https:\/\/www.skillscompetencescanada.com\/?p=67094"},"modified":"2019-11-06T12:57:35","modified_gmt":"2019-11-06T17:57:35","slug":"des-invites-de-marque-et-des-eleves-se-reunissent-au-british-columbia-institute-of-technology-a-burnaby-en-c-b-pour-le-lancement-de-la-15esemaine-nationale-des-metiers-specialises-et-des-technolo","status":"publish","type":"post","link":"https:\/\/www.skillscompetencescanada.com\/fr\/des-invites-de-marque-et-des-eleves-se-reunissent-au-british-columbia-institute-of-technology-a-burnaby-en-c-b-pour-le-lancement-de-la-15esemaine-nationale-des-metiers-specialises-et-des-technolo\/","title":{"rendered":"Des invit\u00e9s de marque et des \u00e9l\u00e8ves se r\u00e9unissent au British Columbia Institute of Technology, \u00e0 Burnaby, en C.-B., pour le lancement de la 15eSemaine nationale des m\u00e9tiers sp\u00e9cialis\u00e9s et des technologies"},"content":{"rendered":"<p>\u2013Pour diffusion imm\u00e9diate \u2013<\/p>\n<p>&nbsp;<\/p>\n<p style=\"text-align: center\"><strong>Des invit\u00e9s de marque et des \u00e9l\u00e8ves se r\u00e9unissent au British Columbia Institute of Technology, \u00e0 Burnaby, en C.-B., pour le lancement de la 15eSemaine nationale des m\u00e9tiers sp\u00e9cialis\u00e9s et des technologies<\/strong><\/p>\n<p><a href=\"https:\/\/www.skillscompetencescanada.com\/wp-content\/uploads\/2019\/11\/Photo-for-press-release.jpeg\"><img decoding=\"async\" class=\"size-medium wp-image-67151 aligncenter\" src=\"https:\/\/www.skillscompetencescanada.com\/wp-content\/uploads\/2019\/11\/Photo-for-press-release-509x360.jpeg\" alt=\"\" width=\"509\" height=\"360\" srcset=\"https:\/\/www.skillscompetencescanada.com\/wp-content\/uploads\/2019\/11\/Photo-for-press-release-509x360.jpeg 509w, https:\/\/www.skillscompetencescanada.com\/wp-content\/uploads\/2019\/11\/Photo-for-press-release-768x543.jpeg 768w, https:\/\/www.skillscompetencescanada.com\/wp-content\/uploads\/2019\/11\/Photo-for-press-release-1018x720.jpeg 1018w, https:\/\/www.skillscompetencescanada.com\/wp-content\/uploads\/2019\/11\/Photo-for-press-release-1200x849.jpeg 1200w\" sizes=\"(max-width: 509px) 100vw, 509px\" \/><\/a><\/p>\n<p>&nbsp;<\/p>\n<p><strong>Ottawa (Ont.), le 5 novembre 2019\u2014<\/strong>Skills\/Comp\u00e9tences Canada (SCC) a fi\u00e8rement proc\u00e9d\u00e9 au lancement de sa 15e Semaine nationale des m\u00e9tiers sp\u00e9cialis\u00e9s et des technologies (SNMST), qui vise \u00e0 promouvoir aupr\u00e8s des \u00e9l\u00e8ves et des enseignants les possibilit\u00e9s de carri\u00e8re exceptionnelles dans ces domaines partout au Canada.<\/p>\n<p>SCC, en partenariat avec l\u2019Industry Training Authority (ITA) et le British Columbia Institute of Technology(BCIT), a organis\u00e9 le lancement officiel de la SNMST le 5 novembre au BCIT.<\/p>\n<p>Parmi les invit\u00e9s de marque figuraient : Karen Creditor, pr\u00e9sidente, Skills\/Comp\u00e9tences Canada; Farnaz Riahi, dirigeante principale des finances, Industry Training Authority; Wayne Hand, Doyen, \u00c9cole de la construction et de l&rsquo;environnement, British Columbia Institute of Technology; Jack Dupuis, m\u00e9daill\u00e9 d\u2019argent au concours Technologie de la machinerie lourde au Mondial des m\u00e9tiers2019, \u00e0 Kazan, et prix \u00abMeilleur de la nation\u00bb pour le Canada, et Clarissa Roque, r\u00e9cipiendaire d\u2019un M\u00e9daillon d\u2019excellence au concours P\u00e2tisserie et confiserie, \u00e9galement au Mondial des m\u00e9tiers 2019, \u00e0 Kazan, en Russie.<\/p>\n<p>Pour souligner le lancement officiel de la Semaine nationale des m\u00e9tiers sp\u00e9cialis\u00e9s et des technologies, les invit\u00e9s de marque se sont affront\u00e9s dans le cadre d\u2019un d\u00e9fi de lumi\u00e8res, \u00e0 r\u00e9ussir le plus rapidement possible. Skills\/Comp\u00e9tences Canada a profit\u00e9 du lancement pour annoncer que les <a href=\"https:\/\/www.skillscompetencescanada.com\/fr\/ocmt\/ocmt-2020\/\">26es Olympiades canadiennes des m\u00e9tiers et des technologies<\/a> auront lieu \u00e0 Vancouver, les 28 et 29 mai 2020, au Vancouver Convention Centre.<\/p>\n<p>Apr\u00e8s le lancement officiel, environ 500 \u00e9l\u00e8ves, d\u2019\u00e9coles interm\u00e9diaires et secondaires de la r\u00e9gion ont pu choisir parmi plus de 25 activit\u00e9s Essaie un m\u00e9tier et une technologie, anim\u00e9es par des enseignants et des experts de l\u2019industrie. Parmi les activit\u00e9s propos\u00e9es figuraient la conduite d\u2019un chariot \u00e9l\u00e9vateur dans un chantier virtuel, la peinture d\u2019une Ferrari au moyen d\u2019une cabine de peinture virtuelle, l\u2019usage d\u2019outils \u00e9lectriques pour construire une tour g\u00e9ante Jenga, l\u2019essai d\u2019\u00e9quipement d\u2019usinage CNC, la r\u00e9alisation de coiffures styl\u00e9es, l\u2019application d\u2019extensions de cils et la participation \u00e0 un concours de confection d\u2019aliments. Tout au cours de la journ\u00e9e, les \u00e9l\u00e8ves ont pu prendre connaissance des cheminements scolaires et professionnels, tant int\u00e9ressants qu\u2019importants, au sein de multiples m\u00e9tiers et secteurs technologiques. En outre, la rencontre a mis en relief l\u2019importance de l\u2019utilisation de documents, l\u2019une des neuf comp\u00e9tences essentielles aux professions dans les m\u00e9tiers et les technologies. Pour obtenir des pr\u00e9cisions au sujet des neuf comp\u00e9tences essentielles, rendez-vous \u00e0 la page <a href=\"https:\/\/www.skillscompetencescanada.com\/fr\/competences-essentielles\/\">Web consacr\u00e9e aux comp\u00e9tences essentielles<\/a>.<\/p>\n<p>\u00abLes comp\u00e9tences n\u00e9cessaires \u00e0 quiconque veut travailler dans les m\u00e9tiers sp\u00e9cialis\u00e9s sont en train de changer en raison des avanc\u00e9es technologiques. La ma\u00eetrise de comp\u00e9tences techniques devient de plus en plus importante. La Semaine nationale des m\u00e9tiers sp\u00e9cialis\u00e9s et des technologies a \u00e9t\u00e9 cr\u00e9\u00e9e afin de faire conna\u00eetre les professions dans ces domaines parmi les jeunes du pays ainsi que les comp\u00e9tences requises pour r\u00e9ussir\u00bb, a expliqu\u00e9 Shaun Thorson, directeur g\u00e9n\u00e9ral de Skills\/Comp\u00e9tences Canada.<\/p>\n<p>Tout au cours de la semaine, les organismes membres de SCC dans les provinces et les territoires tiendront des activit\u00e9s visant \u00e0 promouvoir les m\u00e9tiers et les technologies au pays.Pour des pr\u00e9cisions \u00e0 ce sujet, visitez <a href=\"https:\/\/www.skillscompetencescanada.com\/fr\/non-classe\/semaine-nationale-des-metiers-specialises-et-des-technologies-2019\/\">la page de la Semaine nationale des m\u00e9tiers sp\u00e9cialis\u00e9s et des technologies<\/a>, sur le site Web de Skills\/Comp\u00e9tences Canada.<\/p>\n<p>Selon un rapport r\u00e9cent de Statistique Canada et du Forum canadien sur l\u2019apprentissage, le Canada doit recruter plus de 165000 nouveaux apprentis au cours des cinq prochaines ann\u00e9es pour simplement r\u00e9pondre \u00e0 la demande actuelle. Pour contribuer \u00e0 l\u2019\u00e9conomie du pays, il est essentiel de faire conna\u00eetre et de promouvoir parmi les jeunes du Canada les possibilit\u00e9s de carri\u00e8re dans les m\u00e9tiers sp\u00e9cialis\u00e9s et les technologies.<\/p>\n<p><strong>Skills\/Comp\u00e9tences Canada<\/strong><\/p>\n<p>Fond\u00e9 en 1989, Skills\/Comp\u00e9tences Canada (SCC) est une organisation nationale \u00e0 but non lucratif. Comptant des organismes membres dans toutes les provinces et tous les territoires, SCC, de concert avec les employeurs, les enseignants, les syndicats et les gouvernements, fait la promotion des professions dans les m\u00e9tiers et les technologies aupr\u00e8s des jeunes. Gr\u00e2ce aux liens uniques qu\u2019elle entretient avec des partenaires des secteurs priv\u00e9 et public, l\u2019organisation est en mesure de contribuer \u00e0 combler les besoins futurs du Canada en main-d\u2019\u0153uvre qualifi\u00e9e, tout en permettant aux jeunes de d\u00e9couvrir des carri\u00e8res gratifiantes. SCC offre des occasions d\u2019apprentissage exp\u00e9rientiel, dont des concours pour des m\u00e9tiers sp\u00e9cialis\u00e9s et des technologies auxquels participent des centaines de milliers d\u2019\u00e9l\u00e8ves, aux niveaux r\u00e9gional, provincial et territorial, et international, ainsi que des programmes de sensibilisation aux m\u00e9tiers sp\u00e9cialis\u00e9s. Le bureau national de Skills\/Comp\u00e9tences Canada, repr\u00e9sentant officiel du pays au sein de WorldSkills, est situ\u00e9 \u00e0 Ottawa, en Ontario.<\/p>\n<p>Pour de plus ample information, rendez-vous \u00e0 <a href=\"http:\/\/www.skillscompetencescanada.ca\">www.skillscompetencescanada.ca<\/a>, ou appelez au 877-754-5226.<\/p>\n<p>Suivez Skills\/Comp\u00e9tences Canada sur Twitter, Facebook, YouTube, Flickr et Instagram.<\/p>\n<p>-30-<\/p>\n<p>Renseignements aux m\u00e9dias : Mich\u00e8le Rogerson, 613-266-4771, <a href=\"mailto:micheler@skillscanada.com\">micheler@skillscanada.com<\/a>.<\/p>\n","protected":false},"excerpt":{"rendered":"<p>\u2013Pour diffusion imm\u00e9diate \u2013 &nbsp; Des invit\u00e9s de marque et des \u00e9l\u00e8ves se r\u00e9unissent au British Columbia Institute of Technology, \u00e0 Burnaby, en C.-B., pour le lancement de la 15eSemaine<\/p>\n","protected":false},"author":3,"featured_media":67148,"comment_status":"closed","ping_status":"closed","sticky":false,"template":"","format":"standard","meta":{"_acf_changed":false,"site-sidebar-layout":"default","site-content-layout":"","ast-site-content-layout":"default","site-content-style":"default","site-sidebar-style":"default","ast-global-header-display":"","ast-banner-title-visibility":"","ast-main-header-display":"","ast-hfb-above-header-display":"","ast-hfb-below-header-display":"","ast-hfb-mobile-header-display":"","site-post-title":"","ast-breadcrumbs-content":"","ast-featured-img":"","footer-sml-layout":"","ast-disable-related-posts":"","theme-transparent-header-meta":"","adv-header-id-meta":"","stick-header-meta":"","header-above-stick-meta":"","header-main-stick-meta":"","header-below-stick-meta":"","astra-migrate-meta-layouts":"default","ast-page-background-enabled":"default","ast-page-background-meta":{"desktop":{"background-color":"","background-image":"","background-repeat":"repeat","background-position":"center center","background-size":"auto","background-attachment":"scroll","background-type":"","background-media":"","overlay-type":"","overlay-color":"","overlay-opacity":"","overlay-gradient":""},"tablet":{"background-color":"","background-image":"","background-repeat":"repeat","background-position":"center center","background-size":"auto","background-attachment":"scroll","background-type":"","background-media":"","overlay-type":"","overlay-color":"","overlay-opacity":"","overlay-gradient":""},"mobile":{"background-color":"","background-image":"","background-repeat":"repeat","background-position":"center center","background-size":"auto","background-attachment":"scroll","background-type":"","background-media":"","overlay-type":"","overlay-color":"","overlay-opacity":"","overlay-gradient":""}},"ast-content-background-meta":{"desktop":{"background-color":"var(--ast-global-color-5)","background-image":"","background-repeat":"repeat","background-position":"center center","background-size":"auto","background-attachment":"scroll","background-type":"","background-media":"","overlay-type":"","overlay-color":"","overlay-opacity":"","overlay-gradient":""},"tablet":{"background-color":"var(--ast-global-color-5)","background-image":"","background-repeat":"repeat","background-position":"center center","background-size":"auto","background-attachment":"scroll","background-type":"","background-media":"","overlay-type":"","overlay-color":"","overlay-opacity":"","overlay-gradient":""},"mobile":{"background-color":"var(--ast-global-color-5)","background-image":"","background-repeat":"repeat","background-position":"center center","background-size":"auto","background-attachment":"scroll","background-type":"","background-media":"","overlay-type":"","overlay-color":"","overlay-opacity":"","overlay-gradient":""}},"footnotes":""},"categories":[306],"tags":[],"class_list":["post-67094","post","type-post","status-publish","format-standard","has-post-thumbnail","hentry","category-communiques-de-presse"],"acf":[],"yoast_head":"<!-- This site is optimized with the Yoast SEO plugin v27.4 - https:\/\/yoast.com\/product\/yoast-seo-wordpress\/ -->\n<title>Des invit\u00e9s de marque et des \u00e9l\u00e8ves se r\u00e9unissent au British Columbia Institute of Technology, \u00e0 Burnaby, en C.-B., pour le lancement de la 15eSemaine nationale des m\u00e9tiers sp\u00e9cialis\u00e9s et des technologies - Skills Competences Canada<\/title>\n<meta name=\"robots\" content=\"index, follow, max-snippet:-1, max-image-preview:large, max-video-preview:-1\" \/>\n<link rel=\"canonical\" href=\"https:\/\/www.skillscompetencescanada.com\/fr\/des-invites-de-marque-et-des-eleves-se-reunissent-au-british-columbia-institute-of-technology-a-burnaby-en-c-b-pour-le-lancement-de-la-15esemaine-nationale-des-metiers-specialises-et-des-technolo\/\" \/>\n<meta name=\"twitter:label1\" content=\"\u00c9crit par\" \/>\n\t<meta name=\"twitter:data1\" content=\"Brad\" \/>\n\t<meta name=\"twitter:label2\" content=\"Dur\u00e9e de lecture estim\u00e9e\" \/>\n\t<meta name=\"twitter:data2\" content=\"5 minutes\" \/>\n<script type=\"application\/ld+json\" class=\"yoast-schema-graph\">{\"@context\":\"https:\\\/\\\/schema.org\",\"@graph\":[{\"@type\":\"Article\",\"@id\":\"https:\\\/\\\/www.skillscompetencescanada.com\\\/fr\\\/des-invites-de-marque-et-des-eleves-se-reunissent-au-british-columbia-institute-of-technology-a-burnaby-en-c-b-pour-le-lancement-de-la-15esemaine-nationale-des-metiers-specialises-et-des-technolo\\\/#article\",\"isPartOf\":{\"@id\":\"https:\\\/\\\/www.skillscompetencescanada.com\\\/fr\\\/des-invites-de-marque-et-des-eleves-se-reunissent-au-british-columbia-institute-of-technology-a-burnaby-en-c-b-pour-le-lancement-de-la-15esemaine-nationale-des-metiers-specialises-et-des-technolo\\\/\"},\"author\":{\"name\":\"Brad\",\"@id\":\"https:\\\/\\\/www.skillscompetencescanada.com\\\/fr\\\/#\\\/schema\\\/person\\\/402ff1bab3fa80eafc7429a9d3391033\"},\"headline\":\"Des invit\u00e9s de marque et des \u00e9l\u00e8ves se r\u00e9unissent au British Columbia Institute of Technology, \u00e0 Burnaby, en C.-B., pour le lancement de la 15eSemaine nationale des m\u00e9tiers sp\u00e9cialis\u00e9s et des technologies\",\"datePublished\":\"2019-11-05T17:38:34+00:00\",\"dateModified\":\"2019-11-06T17:57:35+00:00\",\"mainEntityOfPage\":{\"@id\":\"https:\\\/\\\/www.skillscompetencescanada.com\\\/fr\\\/des-invites-de-marque-et-des-eleves-se-reunissent-au-british-columbia-institute-of-technology-a-burnaby-en-c-b-pour-le-lancement-de-la-15esemaine-nationale-des-metiers-specialises-et-des-technolo\\\/\"},\"wordCount\":982,\"publisher\":{\"@id\":\"https:\\\/\\\/www.skillscompetencescanada.com\\\/fr\\\/#organization\"},\"image\":{\"@id\":\"https:\\\/\\\/www.skillscompetencescanada.com\\\/fr\\\/des-invites-de-marque-et-des-eleves-se-reunissent-au-british-columbia-institute-of-technology-a-burnaby-en-c-b-pour-le-lancement-de-la-15esemaine-nationale-des-metiers-specialises-et-des-technolo\\\/#primaryimage\"},\"thumbnailUrl\":\"https:\\\/\\\/www.skillscompetencescanada.com\\\/wp-content\\\/uploads\\\/2019\\\/11\\\/image0.jpeg\",\"articleSection\":[\"Communiqu\u00e9s de presse\"],\"inLanguage\":\"fr-FR\"},{\"@type\":\"WebPage\",\"@id\":\"https:\\\/\\\/www.skillscompetencescanada.com\\\/fr\\\/des-invites-de-marque-et-des-eleves-se-reunissent-au-british-columbia-institute-of-technology-a-burnaby-en-c-b-pour-le-lancement-de-la-15esemaine-nationale-des-metiers-specialises-et-des-technolo\\\/\",\"url\":\"https:\\\/\\\/www.skillscompetencescanada.com\\\/fr\\\/des-invites-de-marque-et-des-eleves-se-reunissent-au-british-columbia-institute-of-technology-a-burnaby-en-c-b-pour-le-lancement-de-la-15esemaine-nationale-des-metiers-specialises-et-des-technolo\\\/\",\"name\":\"Des invit\u00e9s de marque et des \u00e9l\u00e8ves se r\u00e9unissent au British Columbia Institute of Technology, \u00e0 Burnaby, en C.-B., pour le lancement de la 15eSemaine nationale des m\u00e9tiers sp\u00e9cialis\u00e9s et des technologies - Skills Competences Canada\",\"isPartOf\":{\"@id\":\"https:\\\/\\\/www.skillscompetencescanada.com\\\/fr\\\/#website\"},\"primaryImageOfPage\":{\"@id\":\"https:\\\/\\\/www.skillscompetencescanada.com\\\/fr\\\/des-invites-de-marque-et-des-eleves-se-reunissent-au-british-columbia-institute-of-technology-a-burnaby-en-c-b-pour-le-lancement-de-la-15esemaine-nationale-des-metiers-specialises-et-des-technolo\\\/#primaryimage\"},\"image\":{\"@id\":\"https:\\\/\\\/www.skillscompetencescanada.com\\\/fr\\\/des-invites-de-marque-et-des-eleves-se-reunissent-au-british-columbia-institute-of-technology-a-burnaby-en-c-b-pour-le-lancement-de-la-15esemaine-nationale-des-metiers-specialises-et-des-technolo\\\/#primaryimage\"},\"thumbnailUrl\":\"https:\\\/\\\/www.skillscompetencescanada.com\\\/wp-content\\\/uploads\\\/2019\\\/11\\\/image0.jpeg\",\"datePublished\":\"2019-11-05T17:38:34+00:00\",\"dateModified\":\"2019-11-06T17:57:35+00:00\",\"breadcrumb\":{\"@id\":\"https:\\\/\\\/www.skillscompetencescanada.com\\\/fr\\\/des-invites-de-marque-et-des-eleves-se-reunissent-au-british-columbia-institute-of-technology-a-burnaby-en-c-b-pour-le-lancement-de-la-15esemaine-nationale-des-metiers-specialises-et-des-technolo\\\/#breadcrumb\"},\"inLanguage\":\"fr-FR\",\"potentialAction\":[{\"@type\":\"ReadAction\",\"target\":[\"https:\\\/\\\/www.skillscompetencescanada.com\\\/fr\\\/des-invites-de-marque-et-des-eleves-se-reunissent-au-british-columbia-institute-of-technology-a-burnaby-en-c-b-pour-le-lancement-de-la-15esemaine-nationale-des-metiers-specialises-et-des-technolo\\\/\"]}]},{\"@type\":\"ImageObject\",\"inLanguage\":\"fr-FR\",\"@id\":\"https:\\\/\\\/www.skillscompetencescanada.com\\\/fr\\\/des-invites-de-marque-et-des-eleves-se-reunissent-au-british-columbia-institute-of-technology-a-burnaby-en-c-b-pour-le-lancement-de-la-15esemaine-nationale-des-metiers-specialises-et-des-technolo\\\/#primaryimage\",\"url\":\"https:\\\/\\\/www.skillscompetencescanada.com\\\/wp-content\\\/uploads\\\/2019\\\/11\\\/image0.jpeg\",\"contentUrl\":\"https:\\\/\\\/www.skillscompetencescanada.com\\\/wp-content\\\/uploads\\\/2019\\\/11\\\/image0.jpeg\",\"width\":2016,\"height\":1512},{\"@type\":\"BreadcrumbList\",\"@id\":\"https:\\\/\\\/www.skillscompetencescanada.com\\\/fr\\\/des-invites-de-marque-et-des-eleves-se-reunissent-au-british-columbia-institute-of-technology-a-burnaby-en-c-b-pour-le-lancement-de-la-15esemaine-nationale-des-metiers-specialises-et-des-technolo\\\/#breadcrumb\",\"itemListElement\":[{\"@type\":\"ListItem\",\"position\":1,\"name\":\"Home\",\"item\":\"https:\\\/\\\/www.skillscompetencescanada.com\\\/fr\\\/\"},{\"@type\":\"ListItem\",\"position\":2,\"name\":\"Des invit\u00e9s de marque et des \u00e9l\u00e8ves se r\u00e9unissent au British Columbia Institute of Technology, \u00e0 Burnaby, en C.-B., pour le lancement de la 15eSemaine nationale des m\u00e9tiers sp\u00e9cialis\u00e9s et des technologies\"}]},{\"@type\":\"WebSite\",\"@id\":\"https:\\\/\\\/www.skillscompetencescanada.com\\\/fr\\\/#website\",\"url\":\"https:\\\/\\\/www.skillscompetencescanada.com\\\/fr\\\/\",\"name\":\"Skills Competences Canada\",\"description\":\"\",\"publisher\":{\"@id\":\"https:\\\/\\\/www.skillscompetencescanada.com\\\/fr\\\/#organization\"},\"potentialAction\":[{\"@type\":\"SearchAction\",\"target\":{\"@type\":\"EntryPoint\",\"urlTemplate\":\"https:\\\/\\\/www.skillscompetencescanada.com\\\/fr\\\/?s={search_term_string}\"},\"query-input\":{\"@type\":\"PropertyValueSpecification\",\"valueRequired\":true,\"valueName\":\"search_term_string\"}}],\"inLanguage\":\"fr-FR\"},{\"@type\":\"Organization\",\"@id\":\"https:\\\/\\\/www.skillscompetencescanada.com\\\/fr\\\/#organization\",\"name\":\"skills competences canada\",\"url\":\"https:\\\/\\\/www.skillscompetencescanada.com\\\/fr\\\/\",\"logo\":{\"@type\":\"ImageObject\",\"inLanguage\":\"fr-FR\",\"@id\":\"https:\\\/\\\/www.skillscompetencescanada.com\\\/fr\\\/#\\\/schema\\\/logo\\\/image\\\/\",\"url\":\"http:\\\/\\\/skillscompetencescanada.com\\\/wp-content\\\/uploads\\\/2016\\\/09\\\/avatar-admin-96x96-1.jpg\",\"contentUrl\":\"http:\\\/\\\/skillscompetencescanada.com\\\/wp-content\\\/uploads\\\/2016\\\/09\\\/avatar-admin-96x96-1.jpg\",\"width\":96,\"height\":96,\"caption\":\"skills competences canada\"},\"image\":{\"@id\":\"https:\\\/\\\/www.skillscompetencescanada.com\\\/fr\\\/#\\\/schema\\\/logo\\\/image\\\/\"}},{\"@type\":\"Person\",\"@id\":\"https:\\\/\\\/www.skillscompetencescanada.com\\\/fr\\\/#\\\/schema\\\/person\\\/402ff1bab3fa80eafc7429a9d3391033\",\"name\":\"Brad\",\"url\":\"https:\\\/\\\/www.skillscompetencescanada.com\\\/fr\\\/author\\\/amanda\\\/\"}]}<\/script>\n<!-- \/ Yoast SEO plugin. -->","yoast_head_json":{"title":"Des invit\u00e9s de marque et des \u00e9l\u00e8ves se r\u00e9unissent au British Columbia Institute of Technology, \u00e0 Burnaby, en C.-B., pour le lancement de la 15eSemaine nationale des m\u00e9tiers sp\u00e9cialis\u00e9s et des technologies - Skills Competences Canada","robots":{"index":"index","follow":"follow","max-snippet":"max-snippet:-1","max-image-preview":"max-image-preview:large","max-video-preview":"max-video-preview:-1"},"canonical":"https:\/\/www.skillscompetencescanada.com\/fr\/des-invites-de-marque-et-des-eleves-se-reunissent-au-british-columbia-institute-of-technology-a-burnaby-en-c-b-pour-le-lancement-de-la-15esemaine-nationale-des-metiers-specialises-et-des-technolo\/","twitter_misc":{"\u00c9crit par":"Brad","Dur\u00e9e de lecture estim\u00e9e":"5 minutes"},"schema":{"@context":"https:\/\/schema.org","@graph":[{"@type":"Article","@id":"https:\/\/www.skillscompetencescanada.com\/fr\/des-invites-de-marque-et-des-eleves-se-reunissent-au-british-columbia-institute-of-technology-a-burnaby-en-c-b-pour-le-lancement-de-la-15esemaine-nationale-des-metiers-specialises-et-des-technolo\/#article","isPartOf":{"@id":"https:\/\/www.skillscompetencescanada.com\/fr\/des-invites-de-marque-et-des-eleves-se-reunissent-au-british-columbia-institute-of-technology-a-burnaby-en-c-b-pour-le-lancement-de-la-15esemaine-nationale-des-metiers-specialises-et-des-technolo\/"},"author":{"name":"Brad","@id":"https:\/\/www.skillscompetencescanada.com\/fr\/#\/schema\/person\/402ff1bab3fa80eafc7429a9d3391033"},"headline":"Des invit\u00e9s de marque et des \u00e9l\u00e8ves se r\u00e9unissent au British Columbia Institute of Technology, \u00e0 Burnaby, en C.-B., pour le lancement de la 15eSemaine nationale des m\u00e9tiers sp\u00e9cialis\u00e9s et des technologies","datePublished":"2019-11-05T17:38:34+00:00","dateModified":"2019-11-06T17:57:35+00:00","mainEntityOfPage":{"@id":"https:\/\/www.skillscompetencescanada.com\/fr\/des-invites-de-marque-et-des-eleves-se-reunissent-au-british-columbia-institute-of-technology-a-burnaby-en-c-b-pour-le-lancement-de-la-15esemaine-nationale-des-metiers-specialises-et-des-technolo\/"},"wordCount":982,"publisher":{"@id":"https:\/\/www.skillscompetencescanada.com\/fr\/#organization"},"image":{"@id":"https:\/\/www.skillscompetencescanada.com\/fr\/des-invites-de-marque-et-des-eleves-se-reunissent-au-british-columbia-institute-of-technology-a-burnaby-en-c-b-pour-le-lancement-de-la-15esemaine-nationale-des-metiers-specialises-et-des-technolo\/#primaryimage"},"thumbnailUrl":"https:\/\/www.skillscompetencescanada.com\/wp-content\/uploads\/2019\/11\/image0.jpeg","articleSection":["Communiqu\u00e9s de presse"],"inLanguage":"fr-FR"},{"@type":"WebPage","@id":"https:\/\/www.skillscompetencescanada.com\/fr\/des-invites-de-marque-et-des-eleves-se-reunissent-au-british-columbia-institute-of-technology-a-burnaby-en-c-b-pour-le-lancement-de-la-15esemaine-nationale-des-metiers-specialises-et-des-technolo\/","url":"https:\/\/www.skillscompetencescanada.com\/fr\/des-invites-de-marque-et-des-eleves-se-reunissent-au-british-columbia-institute-of-technology-a-burnaby-en-c-b-pour-le-lancement-de-la-15esemaine-nationale-des-metiers-specialises-et-des-technolo\/","name":"Des invit\u00e9s de marque et des \u00e9l\u00e8ves se r\u00e9unissent au British Columbia Institute of Technology, \u00e0 Burnaby, en C.-B., pour le lancement de la 15eSemaine nationale des m\u00e9tiers sp\u00e9cialis\u00e9s et des technologies - Skills Competences Canada","isPartOf":{"@id":"https:\/\/www.skillscompetencescanada.com\/fr\/#website"},"primaryImageOfPage":{"@id":"https:\/\/www.skillscompetencescanada.com\/fr\/des-invites-de-marque-et-des-eleves-se-reunissent-au-british-columbia-institute-of-technology-a-burnaby-en-c-b-pour-le-lancement-de-la-15esemaine-nationale-des-metiers-specialises-et-des-technolo\/#primaryimage"},"image":{"@id":"https:\/\/www.skillscompetencescanada.com\/fr\/des-invites-de-marque-et-des-eleves-se-reunissent-au-british-columbia-institute-of-technology-a-burnaby-en-c-b-pour-le-lancement-de-la-15esemaine-nationale-des-metiers-specialises-et-des-technolo\/#primaryimage"},"thumbnailUrl":"https:\/\/www.skillscompetencescanada.com\/wp-content\/uploads\/2019\/11\/image0.jpeg","datePublished":"2019-11-05T17:38:34+00:00","dateModified":"2019-11-06T17:57:35+00:00","breadcrumb":{"@id":"https:\/\/www.skillscompetencescanada.com\/fr\/des-invites-de-marque-et-des-eleves-se-reunissent-au-british-columbia-institute-of-technology-a-burnaby-en-c-b-pour-le-lancement-de-la-15esemaine-nationale-des-metiers-specialises-et-des-technolo\/#breadcrumb"},"inLanguage":"fr-FR","potentialAction":[{"@type":"ReadAction","target":["https:\/\/www.skillscompetencescanada.com\/fr\/des-invites-de-marque-et-des-eleves-se-reunissent-au-british-columbia-institute-of-technology-a-burnaby-en-c-b-pour-le-lancement-de-la-15esemaine-nationale-des-metiers-specialises-et-des-technolo\/"]}]},{"@type":"ImageObject","inLanguage":"fr-FR","@id":"https:\/\/www.skillscompetencescanada.com\/fr\/des-invites-de-marque-et-des-eleves-se-reunissent-au-british-columbia-institute-of-technology-a-burnaby-en-c-b-pour-le-lancement-de-la-15esemaine-nationale-des-metiers-specialises-et-des-technolo\/#primaryimage","url":"https:\/\/www.skillscompetencescanada.com\/wp-content\/uploads\/2019\/11\/image0.jpeg","contentUrl":"https:\/\/www.skillscompetencescanada.com\/wp-content\/uploads\/2019\/11\/image0.jpeg","width":2016,"height":1512},{"@type":"BreadcrumbList","@id":"https:\/\/www.skillscompetencescanada.com\/fr\/des-invites-de-marque-et-des-eleves-se-reunissent-au-british-columbia-institute-of-technology-a-burnaby-en-c-b-pour-le-lancement-de-la-15esemaine-nationale-des-metiers-specialises-et-des-technolo\/#breadcrumb","itemListElement":[{"@type":"ListItem","position":1,"name":"Home","item":"https:\/\/www.skillscompetencescanada.com\/fr\/"},{"@type":"ListItem","position":2,"name":"Des invit\u00e9s de marque et des \u00e9l\u00e8ves se r\u00e9unissent au British Columbia Institute of Technology, \u00e0 Burnaby, en C.-B., pour le lancement de la 15eSemaine nationale des m\u00e9tiers sp\u00e9cialis\u00e9s et des technologies"}]},{"@type":"WebSite","@id":"https:\/\/www.skillscompetencescanada.com\/fr\/#website","url":"https:\/\/www.skillscompetencescanada.com\/fr\/","name":"Skills Competences Canada","description":"","publisher":{"@id":"https:\/\/www.skillscompetencescanada.com\/fr\/#organization"},"potentialAction":[{"@type":"SearchAction","target":{"@type":"EntryPoint","urlTemplate":"https:\/\/www.skillscompetencescanada.com\/fr\/?s={search_term_string}"},"query-input":{"@type":"PropertyValueSpecification","valueRequired":true,"valueName":"search_term_string"}}],"inLanguage":"fr-FR"},{"@type":"Organization","@id":"https:\/\/www.skillscompetencescanada.com\/fr\/#organization","name":"skills competences canada","url":"https:\/\/www.skillscompetencescanada.com\/fr\/","logo":{"@type":"ImageObject","inLanguage":"fr-FR","@id":"https:\/\/www.skillscompetencescanada.com\/fr\/#\/schema\/logo\/image\/","url":"http:\/\/skillscompetencescanada.com\/wp-content\/uploads\/2016\/09\/avatar-admin-96x96-1.jpg","contentUrl":"http:\/\/skillscompetencescanada.com\/wp-content\/uploads\/2016\/09\/avatar-admin-96x96-1.jpg","width":96,"height":96,"caption":"skills competences canada"},"image":{"@id":"https:\/\/www.skillscompetencescanada.com\/fr\/#\/schema\/logo\/image\/"}},{"@type":"Person","@id":"https:\/\/www.skillscompetencescanada.com\/fr\/#\/schema\/person\/402ff1bab3fa80eafc7429a9d3391033","name":"Brad","url":"https:\/\/www.skillscompetencescanada.com\/fr\/author\/amanda\/"}]}},"_links":{"self":[{"href":"https:\/\/www.skillscompetencescanada.com\/fr\/wp-json\/wp\/v2\/posts\/67094","targetHints":{"allow":["GET"]}}],"collection":[{"href":"https:\/\/www.skillscompetencescanada.com\/fr\/wp-json\/wp\/v2\/posts"}],"about":[{"href":"https:\/\/www.skillscompetencescanada.com\/fr\/wp-json\/wp\/v2\/types\/post"}],"author":[{"embeddable":true,"href":"https:\/\/www.skillscompetencescanada.com\/fr\/wp-json\/wp\/v2\/users\/3"}],"replies":[{"embeddable":true,"href":"https:\/\/www.skillscompetencescanada.com\/fr\/wp-json\/wp\/v2\/comments?post=67094"}],"version-history":[{"count":0,"href":"https:\/\/www.skillscompetencescanada.com\/fr\/wp-json\/wp\/v2\/posts\/67094\/revisions"}],"wp:featuredmedia":[{"embeddable":true,"href":"https:\/\/www.skillscompetencescanada.com\/fr\/wp-json\/wp\/v2\/media\/67148"}],"wp:attachment":[{"href":"https:\/\/www.skillscompetencescanada.com\/fr\/wp-json\/wp\/v2\/media?parent=67094"}],"wp:term":[{"taxonomy":"category","embeddable":true,"href":"https:\/\/www.skillscompetencescanada.com\/fr\/wp-json\/wp\/v2\/categories?post=67094"},{"taxonomy":"post_tag","embeddable":true,"href":"https:\/\/www.skillscompetencescanada.com\/fr\/wp-json\/wp\/v2\/tags?post=67094"}],"curies":[{"name":"wp","href":"https:\/\/api.w.org\/{rel}","templated":true}]}}